{"id":29155,"date":"2025-08-12T19:51:37","date_gmt":"2025-08-12T19:51:37","guid":{"rendered":"https:\/\/www.elgrillitosuena.com\/inicio\/?p=29155"},"modified":"2025-08-12T19:51:37","modified_gmt":"2025-08-12T19:51:37","slug":"concluye-la-canicula-y-se-esperan-mananas-mas-frescas-en-gran-parte-del-pais","status":"publish","type":"post","link":"https:\/\/www.elgrillitosuena.com\/inicio\/noticias\/mexico\/concluye-la-canicula-y-se-esperan-mananas-mas-frescas-en-gran-parte-del-pais\/","title":{"rendered":"Concluye la Can\u00edcula y se esperan ma\u00f1anas m\u00e1s frescas en gran parte del pa\u00eds"},"content":{"rendered":"<p><img decoding=\"async\" loading=\"lazy\" class=\"alignnone  wp-image-29156\" src=\"https:\/\/www.elgrillitosuena.com\/inicio\/wp-content\/uploads\/2025\/08\/images-4-300x158.jpg\" alt=\"\" width=\"689\" height=\"363\" srcset=\"https:\/\/www.elgrillitosuena.com\/inicio\/wp-content\/uploads\/2025\/08\/images-4-300x158.jpg 300w, https:\/\/www.elgrillitosuena.com\/inicio\/wp-content\/uploads\/2025\/08\/images-4.jpg 309w\" sizes=\"(max-width: 689px) 100vw, 689px\" \/><\/p>\n<p>Esta semana llega a su fin la Can\u00edcula, el periodo considerado como el m\u00e1s caluroso del a\u00f1o en gran parte de M\u00e9xico, lo que traer\u00e1 un ligero descenso en las temperaturas y un aumento en la nubosidad.<\/p>\n<p>De acuerdo con los pron\u00f3sticos, en los pr\u00f3ximos d\u00edas comenzar\u00e1n a sentirse ma\u00f1anas m\u00e1s frescas y cielos parcialmente nublados, condiciones que significar\u00e1n un respiro tras las intensas olas de calor que se registraron en las \u00faltimas semanas.<\/p>\n<p>El oto\u00f1o iniciar\u00e1 oficialmente alrededor del 22 de septiembre, marcando el arranque de un clima m\u00e1s templado, con brisas suaves, atardeceres dorados y mayor humedad ambiental, caracter\u00edsticas propias de esta estaci\u00f3n.<\/p>\n","protected":false},"excerpt":{"rendered":"<p>Esta semana llega a su fin la Can\u00edcula, el periodo considerado como el m\u00e1s caluroso del a\u00f1o en gran parte de M\u00e9xico, lo que traer\u00e1 un ligero descenso en las temperaturas y un aumento en la nubosidad. De acuerdo con los pron\u00f3sticos, en los pr\u00f3ximos d\u00edas comenzar\u00e1n a sentirse ma\u00f1anas m\u00e1s frescas y cielos parcialmente &hellip;<\/p>\n","protected":false},"author":2,"featured_media":29156,"comment_status":"open","ping_status":"closed","sticky":false,"template":"","format":"standard","meta":[],"categories":[39],"tags":[130,7090,156],"_links":{"self":[{"href":"https:\/\/www.elgrillitosuena.com\/inicio\/wp-json\/wp\/v2\/posts\/29155"}],"collection":[{"href":"https:\/\/www.elgrillitosuena.com\/inicio\/wp-json\/wp\/v2\/posts"}],"about":[{"href":"https:\/\/www.elgrillitosuena.com\/inicio\/wp-json\/wp\/v2\/types\/post"}],"author":[{"embeddable":true,"href":"https:\/\/www.elgrillitosuena.com\/inicio\/wp-json\/wp\/v2\/users\/2"}],"replies":[{"embeddable":true,"href":"https:\/\/www.elgrillitosuena.com\/inicio\/wp-json\/wp\/v2\/comments?post=29155"}],"version-history":[{"count":1,"href":"https:\/\/www.elgrillitosuena.com\/inicio\/wp-json\/wp\/v2\/posts\/29155\/revisions"}],"predecessor-version":[{"id":29157,"href":"https:\/\/www.elgrillitosuena.com\/inicio\/wp-json\/wp\/v2\/posts\/29155\/revisions\/29157"}],"wp:featuredmedia":[{"embeddable":true,"href":"https:\/\/www.elgrillitosuena.com\/inicio\/wp-json\/wp\/v2\/media\/29156"}],"wp:attachment":[{"href":"https:\/\/www.elgrillitosuena.com\/inicio\/wp-json\/wp\/v2\/media?parent=29155"}],"wp:term":[{"taxonomy":"category","embeddable":true,"href":"https:\/\/www.elgrillitosuena.com\/inicio\/wp-json\/wp\/v2\/categories?post=29155"},{"taxonomy":"post_tag","embeddable":true,"href":"https:\/\/www.elgrillitosuena.com\/inicio\/wp-json\/wp\/v2\/tags?post=29155"}],"curies":[{"name":"wp","href":"https:\/\/api.w.org\/{rel}","templated":true}]}}