{"id":29147,"date":"2025-07-21T20:15:10","date_gmt":"2025-07-21T20:15:10","guid":{"rendered":"https:\/\/www.elgrillitosuena.com\/inicio\/?p=29147"},"modified":"2025-07-21T20:15:10","modified_gmt":"2025-07-21T20:15:10","slug":"tecnologia-para-sanar-bosques-drones-reforestaran-mas-de-50-hectareas-en-michoacan","status":"publish","type":"post","link":"https:\/\/www.elgrillitosuena.com\/inicio\/noticias\/michoacan\/tecnologia-para-sanar-bosques-drones-reforestaran-mas-de-50-hectareas-en-michoacan\/","title":{"rendered":"Tecnolog\u00eda para sanar bosques: drones reforestar\u00e1n m\u00e1s de 50 hect\u00e1reas en Michoac\u00e1n"},"content":{"rendered":"<p data-start=\"401\" data-end=\"789\">\n<p data-start=\"401\" data-end=\"789\"><img decoding=\"async\" loading=\"lazy\" class=\"\" src=\"https:\/\/enfoquenoticias.com.mx\/wp-content\/uploads\/2022\/05\/bedolla.jpg\" alt=\"En el tema de seguridad no debe haber impunidad: Ram\u00edrez Bedolla\" width=\"918\" height=\"612\" \/><\/p>\n<p data-start=\"401\" data-end=\"789\">Como parte de la campa\u00f1a estatal de reforestaci\u00f3n 2025 \u201cSembremos el futuro\u201d, el Gobierno de Michoac\u00e1n dio inicio a la dispersi\u00f3n a\u00e9rea de m\u00e1s de 200 mil semillas pregerminadas en zonas da\u00f1adas por incendios forestales, mediante el uso de drones. As\u00ed lo dio a conocer el gobernador Alfredo Ram\u00edrez Bedolla durante una conferencia de prensa.<\/p>\n<p data-start=\"791\" data-end=\"1056\">El mandatario detall\u00f3 que estas acciones, coordinadas por la Comisi\u00f3n Forestal del Estado (Cofom), se llevar\u00e1n a cabo durante los meses de julio y agosto en <strong data-start=\"948\" data-end=\"964\">14 pol\u00edgonos<\/strong> estrat\u00e9gicos, con el objetivo de restaurar m\u00e1s de <strong data-start=\"1015\" data-end=\"1031\">50 hect\u00e1reas<\/strong> impactadas por el fuego.<\/p>\n<p data-start=\"1058\" data-end=\"1362\">A\u00f1adi\u00f3 que ser\u00e1n utilizadas <strong data-start=\"1086\" data-end=\"1123\">10 diferentes especies de \u00e1rboles<\/strong>, y que este esfuerzo contar\u00e1 con el acompa\u00f1amiento t\u00e9cnico de investigadores de la Universidad Michoacana de San Nicol\u00e1s de Hidalgo (UMSNH), quienes analizar\u00e1n la efectividad del modelo y desarrollar\u00e1n proyectos de investigaci\u00f3n aplicada.<\/p>\n<p data-start=\"1364\" data-end=\"1673\">Por su parte, el secretario de Medio Ambiente, Alejandro M\u00e9ndez L\u00f3pez, inform\u00f3 que el primer operativo se llev\u00f3 a cabo el pasado <strong data-start=\"1493\" data-end=\"1508\">18 de julio<\/strong> en el <strong data-start=\"1515\" data-end=\"1539\">ejido de La Cofrad\u00eda<\/strong>, en el municipio de Zacapu, donde se dispersaron 16 mil semillas de tres especies distintas sobre una superficie de cuatro hect\u00e1reas.<\/p>\n<p data-start=\"1675\" data-end=\"1964\">M\u00e9ndez L\u00f3pez puntualiz\u00f3 que este programa tiene car\u00e1cter piloto, y forma parte de la meta estatal de <strong data-start=\"1776\" data-end=\"1810\">plantar 10 millones de \u00e1rboles<\/strong> en 2025, principalmente en <strong data-start=\"1838\" data-end=\"1862\">cuencas hidrol\u00f3gicas<\/strong>, <strong data-start=\"1864\" data-end=\"1900\">\u00c1reas Naturales Protegidas (ANP)<\/strong> y territorios recientemente afectados por incendios forestales.<\/p>\n","protected":false},"excerpt":{"rendered":"<p>Como parte de la campa\u00f1a estatal de reforestaci\u00f3n 2025 \u201cSembremos el futuro\u201d, el Gobierno de Michoac\u00e1n dio inicio a la dispersi\u00f3n a\u00e9rea de m\u00e1s de 200 mil semillas pregerminadas en zonas da\u00f1adas por incendios forestales, mediante el uso de drones. As\u00ed lo dio a conocer el gobernador Alfredo Ram\u00edrez Bedolla durante una conferencia de prensa. &hellip;<\/p>\n","protected":false},"author":2,"featured_media":29149,"comment_status":"open","ping_status":"closed","sticky":false,"template":"","format":"standard","meta":[],"categories":[39,38,40,3117],"tags":[4688,56,7088],"_links":{"self":[{"href":"https:\/\/www.elgrillitosuena.com\/inicio\/wp-json\/wp\/v2\/posts\/29147"}],"collection":[{"href":"https:\/\/www.elgrillitosuena.com\/inicio\/wp-json\/wp\/v2\/posts"}],"about":[{"href":"https:\/\/www.elgrillitosuena.com\/inicio\/wp-json\/wp\/v2\/types\/post"}],"author":[{"embeddable":true,"href":"https:\/\/www.elgrillitosuena.com\/inicio\/wp-json\/wp\/v2\/users\/2"}],"replies":[{"embeddable":true,"href":"https:\/\/www.elgrillitosuena.com\/inicio\/wp-json\/wp\/v2\/comments?post=29147"}],"version-history":[{"count":2,"href":"https:\/\/www.elgrillitosuena.com\/inicio\/wp-json\/wp\/v2\/posts\/29147\/revisions"}],"predecessor-version":[{"id":29150,"href":"https:\/\/www.elgrillitosuena.com\/inicio\/wp-json\/wp\/v2\/posts\/29147\/revisions\/29150"}],"wp:featuredmedia":[{"embeddable":true,"href":"https:\/\/www.elgrillitosuena.com\/inicio\/wp-json\/wp\/v2\/media\/29149"}],"wp:attachment":[{"href":"https:\/\/www.elgrillitosuena.com\/inicio\/wp-json\/wp\/v2\/media?parent=29147"}],"wp:term":[{"taxonomy":"category","embeddable":true,"href":"https:\/\/www.elgrillitosuena.com\/inicio\/wp-json\/wp\/v2\/categories?post=29147"},{"taxonomy":"post_tag","embeddable":true,"href":"https:\/\/www.elgrillitosuena.com\/inicio\/wp-json\/wp\/v2\/tags?post=29147"}],"curies":[{"name":"wp","href":"https:\/\/api.w.org\/{rel}","templated":true}]}}