{"id":28846,"date":"2025-05-02T17:16:45","date_gmt":"2025-05-02T17:16:45","guid":{"rendered":"https:\/\/www.elgrillitosuena.com\/inicio\/?p=28846"},"modified":"2025-05-02T17:16:45","modified_gmt":"2025-05-02T17:16:45","slug":"matan-a-exagente-federal-que-logro-sobrevivir-al-operativo-en-jalisco-contra-el-mencho","status":"publish","type":"post","link":"https:\/\/www.elgrillitosuena.com\/inicio\/noticias\/mexico\/matan-a-exagente-federal-que-logro-sobrevivir-al-operativo-en-jalisco-contra-el-mencho\/","title":{"rendered":"Matan a exagente federal que logr\u00f3 sobrevivir al operativo en Jalisco contra \u2018El Mencho\u2019"},"content":{"rendered":"<h3 data-start=\"184\" data-end=\"294\"><\/h3>\n<h3 data-start=\"184\" data-end=\"294\"><img decoding=\"async\" loading=\"lazy\" class=\"\" src=\"https:\/\/vanguardia.com.mx\/binrepository\/1152x648\/0c0\/1152d648\/down-right\/11604\/CCAT\/ivan-asesinato_1-11804776_20250501134020.jpg\" alt=\"Qui\u00e9n fue Iv\u00e1n Morales Corrales?... el polic\u00eda que enfrent\u00f3 al CJNG y  testific\u00f3 en el juicio\" width=\"761\" height=\"428\" \/><\/h3>\n<h3 class=\"\" data-start=\"184\" data-end=\"294\">Asesinan a Iv\u00e1n Morales, exfederal que sobrevivi\u00f3 al infierno de la \u201cOperaci\u00f3n Jalisco\u201d contra \u2018El Mencho\u2019<\/h3>\n<p class=\"\" data-start=\"296\" data-end=\"542\">En una emboscada ocurrida la tarde del mi\u00e9rcoles 30 de abril en Temixco, Morelos, fue asesinado Iv\u00e1n Morales Corrales, un exelemento de la extinta Polic\u00eda Federal que se volvi\u00f3 s\u00edmbolo de la lucha contra el C\u00e1rtel Jalisco Nueva Generaci\u00f3n (CJNG).<\/p>\n<p class=\"\" data-start=\"544\" data-end=\"1038\">De acuerdo con reportes policiales, Morales viajaba junto a su esposa en una camioneta cuando un grupo armado los intercept\u00f3 usando un coche y varias motos. Sin dar oportunidad de nada, los agresores abrieron fuego en repetidas ocasiones. Luego del ataque, se dieron a la fuga en las motos, dejando atr\u00e1s el veh\u00edculo con el que bloquearon el paso y las armas utilizadas. Para cuando los servicios de emergencia llegaron, ya era demasiado tarde: tanto Iv\u00e1n como su esposa hab\u00edan perdido la vida.<\/p>\n<h3 class=\"\" data-start=\"1040\" data-end=\"1086\">El sobreviviente del helic\u00f3ptero derribado<\/h3>\n<p class=\"\" data-start=\"1088\" data-end=\"1297\">Iv\u00e1n Morales no era un polic\u00eda cualquiera. Fue uno de los sobrevivientes del operativo lanzado en 2015 por el gobierno federal para capturar a <strong data-start=\"1231\" data-end=\"1261\">Nemesio Oseguera Cervantes<\/strong>, alias <em data-start=\"1269\" data-end=\"1280\">El Mencho<\/em>, l\u00edder del CJNG.<\/p>\n<p class=\"\" data-start=\"1299\" data-end=\"1595\">Durante aquella jornada, que se conoci\u00f3 como \u201cOperaci\u00f3n Jalisco\u201d, los miembros del c\u00e1rtel respondieron con una brutalidad que qued\u00f3 grabada en la memoria colectiva: derribaron un helic\u00f3ptero militar con un lanzacohetes. De ese ataque, Morales sali\u00f3 con vida\u2026 aunque con el 70% del cuerpo quemado.<\/p>\n<p class=\"\" data-start=\"1597\" data-end=\"1867\">\u201cMe empec\u00e9 a quemar muy pronto. Me saqu\u00e9 la chamarra y el chaleco. El antibalas me salv\u00f3 el pecho y la espalda\u201d, relat\u00f3 tiempo despu\u00e9s en entrevista con <em data-start=\"1750\" data-end=\"1759\">El Pa\u00eds<\/em>. Pese a la gravedad de sus heridas, resisti\u00f3. Ten\u00eda una raz\u00f3n para seguir: su hijo estaba a punto de nacer.<\/p>\n<h3 class=\"\" data-start=\"1869\" data-end=\"1910\">Un rostro de la lucha contra el narco<\/h3>\n<p class=\"\" data-start=\"1912\" data-end=\"2196\">El acto de sobrevivir lo convirti\u00f3 en una especie de s\u00edmbolo dentro de las fuerzas del orden. Fue homenajeado con un reconocimiento al m\u00e9rito policial, entregado por el entonces presidente <strong data-start=\"2101\" data-end=\"2123\">Enrique Pe\u00f1a Nieto<\/strong>, y su imagen recibiendo ese galard\u00f3n dio la vuelta en medios nacionales.<\/p>\n<p class=\"\" data-start=\"2198\" data-end=\"2433\">Adem\u00e1s, Morales fue pieza clave en el juicio contra <strong data-start=\"2250\" data-end=\"2277\">Rub\u00e9n Oseguera Gonz\u00e1lez<\/strong>, <em data-start=\"2279\" data-end=\"2292\">El Menchito<\/em>, hijo del Mencho, a quien enfrent\u00f3 en un tribunal estadounidense con su testimonio. El resultado: cadena perpetua para el heredero del CJNG.<\/p>\n<p class=\"\" data-start=\"2435\" data-end=\"2723\">Hoy, ese mismo hombre que enfrent\u00f3 fuego cruzado, sobrevivi\u00f3 a un helic\u00f3ptero en llamas y se mantuvo firme en su testimonio, fue asesinado junto a su pareja. Su muerte deja un mensaje crudo sobre lo dif\u00edcil que es, incluso a\u00f1os despu\u00e9s, dejar atr\u00e1s las sombras del narcotr\u00e1fico en M\u00e9xico.<\/p>\n","protected":false},"excerpt":{"rendered":"<p>Asesinan a Iv\u00e1n Morales, exfederal que sobrevivi\u00f3 al infierno de la \u201cOperaci\u00f3n Jalisco\u201d contra \u2018El Mencho\u2019 En una emboscada ocurrida la tarde del mi\u00e9rcoles 30 de abril en Temixco, Morelos, fue asesinado Iv\u00e1n Morales Corrales, un exelemento de la extinta Polic\u00eda Federal que se volvi\u00f3 s\u00edmbolo de la lucha contra el C\u00e1rtel Jalisco Nueva Generaci\u00f3n &hellip;<\/p>\n","protected":false},"author":2,"featured_media":28847,"comment_status":"open","ping_status":"closed","sticky":false,"template":"","format":"standard","meta":[],"categories":[39,40,51],"tags":[7012,330],"_links":{"self":[{"href":"https:\/\/www.elgrillitosuena.com\/inicio\/wp-json\/wp\/v2\/posts\/28846"}],"collection":[{"href":"https:\/\/www.elgrillitosuena.com\/inicio\/wp-json\/wp\/v2\/posts"}],"about":[{"href":"https:\/\/www.elgrillitosuena.com\/inicio\/wp-json\/wp\/v2\/types\/post"}],"author":[{"embeddable":true,"href":"https:\/\/www.elgrillitosuena.com\/inicio\/wp-json\/wp\/v2\/users\/2"}],"replies":[{"embeddable":true,"href":"https:\/\/www.elgrillitosuena.com\/inicio\/wp-json\/wp\/v2\/comments?post=28846"}],"version-history":[{"count":1,"href":"https:\/\/www.elgrillitosuena.com\/inicio\/wp-json\/wp\/v2\/posts\/28846\/revisions"}],"predecessor-version":[{"id":28848,"href":"https:\/\/www.elgrillitosuena.com\/inicio\/wp-json\/wp\/v2\/posts\/28846\/revisions\/28848"}],"wp:featuredmedia":[{"embeddable":true,"href":"https:\/\/www.elgrillitosuena.com\/inicio\/wp-json\/wp\/v2\/media\/28847"}],"wp:attachment":[{"href":"https:\/\/www.elgrillitosuena.com\/inicio\/wp-json\/wp\/v2\/media?parent=28846"}],"wp:term":[{"taxonomy":"category","embeddable":true,"href":"https:\/\/www.elgrillitosuena.com\/inicio\/wp-json\/wp\/v2\/categories?post=28846"},{"taxonomy":"post_tag","embeddable":true,"href":"https:\/\/www.elgrillitosuena.com\/inicio\/wp-json\/wp\/v2\/tags?post=28846"}],"curies":[{"name":"wp","href":"https:\/\/api.w.org\/{rel}","templated":true}]}}