{"id":28797,"date":"2025-04-22T17:45:34","date_gmt":"2025-04-22T17:45:34","guid":{"rendered":"https:\/\/www.elgrillitosuena.com\/inicio\/?p=28797"},"modified":"2025-04-22T17:45:34","modified_gmt":"2025-04-22T17:45:34","slug":"papa-francisco-quienes-suenan-como-posibles-sucesores-al-mando-de-la-iglesia-catolica-la-decision-se-tomara-en-un-conclave","status":"publish","type":"post","link":"https:\/\/www.elgrillitosuena.com\/inicio\/noticias\/mundo\/papa-francisco-quienes-suenan-como-posibles-sucesores-al-mando-de-la-iglesia-catolica-la-decision-se-tomara-en-un-conclave\/","title":{"rendered":"Papa Francisco: Qui\u00e9nes suenan como posibles sucesores al mando de la Iglesia cat\u00f3lica; la decisi\u00f3n se tomar\u00e1 en un c\u00f3nclave"},"content":{"rendered":"<h3 data-start=\"220\" data-end=\"312\"><\/h3>\n<h3 data-start=\"220\" data-end=\"312\"><img decoding=\"async\" loading=\"lazy\" class=\"\" src=\"https:\/\/www.eluniversal.com.mx\/resizer\/v2\/LKE6VCPAYRC2LJJSFVAX4S75TM.jpg?auth=7c4acde1ef4905b06834c48dbe532e2ccaab6e9ea467044c838af73ef6d16602&amp;smart=true&amp;height=620\" alt=\"Francisco el primer Papa latinoamericano. Foto: EFE\" width=\"815\" height=\"502\" \/><\/h3>\n<h3 data-start=\"220\" data-end=\"312\"><\/h3>\n<h3 class=\"\" data-start=\"220\" data-end=\"312\"><strong data-start=\"224\" data-end=\"312\">\u00bfQui\u00e9n tomar\u00e1 el relevo del Papa Francisco? Candidatos y claves del pr\u00f3ximo c\u00f3nclave<\/strong><\/h3>\n<p class=\"\" data-start=\"314\" data-end=\"588\">Con el fallecimiento del Papa Francisco, la Iglesia cat\u00f3lica se prepara para elegir a su nuevo l\u00edder espiritual. El proceso se llevar\u00e1 a cabo en un c\u00f3nclave, donde 140 cardenales con derecho a voto \u2014aquellos menores de 80 a\u00f1os\u2014 decidir\u00e1n qui\u00e9n ocupar\u00e1 el trono de San Pedro.<\/p>\n<p class=\"\" data-start=\"590\" data-end=\"880\">Cabe destacar que el 80% de estos purpurados fueron nombrados por el propio Francisco, lo que podr\u00eda inclinar la balanza hacia un perfil con una visi\u00f3n similar a la suya. Sin embargo, las tensiones entre los sectores progresistas y conservadores hacen que el resultado siga siendo incierto.<\/p>\n<p class=\"\" data-start=\"882\" data-end=\"1162\">Aunque no hay normas estrictas sobre el origen o perfil del pr\u00f3ximo Papa, algunos expertos consideran poco probable que vuelva a ser jesuita o latinoamericano, como lo fue Jorge Mario Bergoglio. Aqu\u00ed presentamos a los nombres que suenan con m\u00e1s fuerza en la antesala del c\u00f3nclave:<\/p>\n<hr class=\"\" data-start=\"1164\" data-end=\"1167\" \/>\n<h4 class=\"\" data-start=\"1169\" data-end=\"1208\"><strong data-start=\"1174\" data-end=\"1206\">Luis Antonio Tagle (67 a\u00f1os)<\/strong><\/h4>\n<p class=\"\" data-start=\"1209\" data-end=\"1624\">Originario de Filipinas, Tagle fue arzobispo de Manila y posteriormente designado prefecto de la Congregaci\u00f3n para la Evangelizaci\u00f3n de los Pueblos. Con una postura pastoral centrada en la compasi\u00f3n y la inclusi\u00f3n, es visto como una figura de continuidad al legado de Francisco. Su presencia en redes sociales y medios de comunicaci\u00f3n, como el programa <em data-start=\"1562\" data-end=\"1580\">The Word Exposed<\/em>, lo han hecho muy popular entre los fieles.<\/p>\n<hr class=\"\" data-start=\"1626\" data-end=\"1629\" \/>\n<h4 class=\"\" data-start=\"1631\" data-end=\"1664\"><strong data-start=\"1636\" data-end=\"1662\">Matteo Zuppi (69 a\u00f1os)<\/strong><\/h4>\n<p class=\"\" data-start=\"1665\" data-end=\"2088\">Presidente de la Conferencia Episcopal Italiana y arzobispo de Bolonia, Zuppi mantiene una cercan\u00eda con la Comunidad de Sant\u2019Egidio, conocida por su trabajo en mediaci\u00f3n de conflictos. Su defensa de los derechos de la comunidad LGBT y su enfoque inclusivo lo convierten en uno de los candidatos progresistas favoritos, aunque su nacionalidad italiana podr\u00eda jugarle en contra en una Iglesia que busca una proyecci\u00f3n global.<\/p>\n<hr class=\"\" data-start=\"2090\" data-end=\"2093\" \/>\n<h4 class=\"\" data-start=\"2095\" data-end=\"2130\"><strong data-start=\"2100\" data-end=\"2128\">Pietro Parolin (70 a\u00f1os)<\/strong><\/h4>\n<p class=\"\" data-start=\"2131\" data-end=\"2453\">Actual secretario de Estado del Vaticano, Parolin es una de las figuras con m\u00e1s peso pol\u00edtico dentro de la Santa Sede. Representa una l\u00ednea moderada y ha estado involucrado en negociaciones diplom\u00e1ticas clave, como el acuerdo con China. Aunque no tan medi\u00e1tico, su experiencia lo mantiene en la lista de posibles papables.<\/p>\n<hr class=\"\" data-start=\"2455\" data-end=\"2458\" \/>\n<h4 class=\"\" data-start=\"2460\" data-end=\"2492\"><strong data-start=\"2465\" data-end=\"2490\">Willem Eijk (71 a\u00f1os)<\/strong><\/h4>\n<p class=\"\" data-start=\"2493\" data-end=\"2785\">Te\u00f3logo y arzobispo de Utrecht (Pa\u00edses Bajos), Eijk es una figura profundamente conservadora. Ha criticado abiertamente posturas reformistas, especialmente en temas de moral sexual y la comuni\u00f3n para personas divorciadas y vueltas a casar. Representa una vuelta a una Iglesia m\u00e1s tradicional.<\/p>\n<hr class=\"\" data-start=\"2787\" data-end=\"2790\" \/>\n<h4 class=\"\" data-start=\"2792\" data-end=\"2823\"><strong data-start=\"2797\" data-end=\"2821\">Peter Erd\u00f6 (72 a\u00f1os)<\/strong><\/h4>\n<p class=\"\" data-start=\"2824\" data-end=\"3155\">Arzobispo de Esztergom-Budapest y l\u00edder espiritual de Hungr\u00eda, Erd\u00f6 ya hab\u00eda sido mencionado como posible sucesor en el c\u00f3nclave de 2013. Es reconocido por su devoci\u00f3n mariana y firme defensa de posturas ortodoxas, en especial sobre familia y bio\u00e9tica. En 2015, se opuso abiertamente al llamado de Francisco para acoger refugiados.<\/p>\n<hr class=\"\" data-start=\"3157\" data-end=\"3160\" \/>\n<h4 class=\"\" data-start=\"3162\" data-end=\"3196\"><strong data-start=\"3167\" data-end=\"3194\">Timothy Dolan (73 a\u00f1os)<\/strong><\/h4>\n<p class=\"\" data-start=\"3197\" data-end=\"3489\">Arzobispo de Nueva York, es carism\u00e1tico, conservador y medi\u00e1tico. Fue uno de los candidatos considerados en el c\u00f3nclave anterior. Aunque goza de popularidad, su nacionalidad estadounidense podr\u00eda ser un obst\u00e1culo, pues algunos temen que un Papa de EE. UU. concentre demasiado poder simb\u00f3lico.<\/p>\n<hr class=\"\" data-start=\"3491\" data-end=\"3494\" \/>\n<h4 class=\"\" data-start=\"3496\" data-end=\"3534\"><strong data-start=\"3501\" data-end=\"3532\">Raymond Leo Burke (76 a\u00f1os)<\/strong><\/h4>\n<p class=\"\" data-start=\"3535\" data-end=\"3903\">Cercano a sectores ultraconservadores, Burke ha sido uno de los cr\u00edticos m\u00e1s duros de las reformas impulsadas por Francisco. Su oposici\u00f3n a temas como la contracepci\u00f3n artificial o el trato pastoral hacia personas LGBT lo han convertido en una figura polarizadora. Aunque cuenta con apoyos, su elecci\u00f3n ser\u00eda vista como un rechazo directo al legado del Papa argentino.<\/p>\n<hr class=\"\" data-start=\"3905\" data-end=\"3908\" \/>\n<h4 class=\"\" data-start=\"3910\" data-end=\"3955\"><strong data-start=\"3915\" data-end=\"3953\">Fridolin Ambongo Besungu (65 a\u00f1os)<\/strong><\/h4>\n<p class=\"\" data-start=\"3956\" data-end=\"4340\">Cardenal africano y arzobispo de Kinshasa, ha ganado respeto por su labor en contextos de conflicto y por su defensa del medio ambiente. Aunque conservador en temas como las uniones del mismo sexo, su activismo ecol\u00f3gico y su lucha contra la corrupci\u00f3n pol\u00edtica le han valido amenazas de muerte. Actualmente enfrenta una investigaci\u00f3n judicial por supuestas declaraciones subversivas.<\/p>\n<hr class=\"\" data-start=\"4342\" data-end=\"4345\" \/>\n<p class=\"\" data-start=\"4347\" data-end=\"4663\">El pr\u00f3ximo c\u00f3nclave promete ser uno de los m\u00e1s grandes de la historia y, a la vez, uno de los m\u00e1s disputados ideol\u00f3gicamente. Con un Colegio Cardenalicio m\u00e1s diverso que nunca, el rumbo de la Iglesia cat\u00f3lica depender\u00e1 de los equilibrios internos y del deseo de continuidad o cambio tras el pontificado de Francisco.<\/p>\n","protected":false},"excerpt":{"rendered":"<p>\u00bfQui\u00e9n tomar\u00e1 el relevo del Papa Francisco? Candidatos y claves del pr\u00f3ximo c\u00f3nclave Con el fallecimiento del Papa Francisco, la Iglesia cat\u00f3lica se prepara para elegir a su nuevo l\u00edder espiritual. El proceso se llevar\u00e1 a cabo en un c\u00f3nclave, donde 140 cardenales con derecho a voto \u2014aquellos menores de 80 a\u00f1os\u2014 decidir\u00e1n qui\u00e9n ocupar\u00e1 &hellip;<\/p>\n","protected":false},"author":2,"featured_media":28798,"comment_status":"open","ping_status":"closed","sticky":false,"template":"","format":"standard","meta":[],"categories":[40,51,3117],"tags":[5679,5678,2761],"_links":{"self":[{"href":"https:\/\/www.elgrillitosuena.com\/inicio\/wp-json\/wp\/v2\/posts\/28797"}],"collection":[{"href":"https:\/\/www.elgrillitosuena.com\/inicio\/wp-json\/wp\/v2\/posts"}],"about":[{"href":"https:\/\/www.elgrillitosuena.com\/inicio\/wp-json\/wp\/v2\/types\/post"}],"author":[{"embeddable":true,"href":"https:\/\/www.elgrillitosuena.com\/inicio\/wp-json\/wp\/v2\/users\/2"}],"replies":[{"embeddable":true,"href":"https:\/\/www.elgrillitosuena.com\/inicio\/wp-json\/wp\/v2\/comments?post=28797"}],"version-history":[{"count":1,"href":"https:\/\/www.elgrillitosuena.com\/inicio\/wp-json\/wp\/v2\/posts\/28797\/revisions"}],"predecessor-version":[{"id":28799,"href":"https:\/\/www.elgrillitosuena.com\/inicio\/wp-json\/wp\/v2\/posts\/28797\/revisions\/28799"}],"wp:featuredmedia":[{"embeddable":true,"href":"https:\/\/www.elgrillitosuena.com\/inicio\/wp-json\/wp\/v2\/media\/28798"}],"wp:attachment":[{"href":"https:\/\/www.elgrillitosuena.com\/inicio\/wp-json\/wp\/v2\/media?parent=28797"}],"wp:term":[{"taxonomy":"category","embeddable":true,"href":"https:\/\/www.elgrillitosuena.com\/inicio\/wp-json\/wp\/v2\/categories?post=28797"},{"taxonomy":"post_tag","embeddable":true,"href":"https:\/\/www.elgrillitosuena.com\/inicio\/wp-json\/wp\/v2\/tags?post=28797"}],"curies":[{"name":"wp","href":"https:\/\/api.w.org\/{rel}","templated":true}]}}