{"id":28367,"date":"2025-02-14T18:55:05","date_gmt":"2025-02-14T18:55:05","guid":{"rendered":"https:\/\/www.elgrillitosuena.com\/inicio\/?p=28367"},"modified":"2025-02-14T18:55:05","modified_gmt":"2025-02-14T18:55:05","slug":"el-papa-francisco-ha-sido-ingresado-en-el-hospital-debido-a-una-bronquitis-esto-es-lo-que-sabemos-acerca-de-su-estado-de-salud","status":"publish","type":"post","link":"https:\/\/www.elgrillitosuena.com\/inicio\/noticias\/mundo\/el-papa-francisco-ha-sido-ingresado-en-el-hospital-debido-a-una-bronquitis-esto-es-lo-que-sabemos-acerca-de-su-estado-de-salud\/","title":{"rendered":"El Papa Francisco ha sido ingresado en el hospital debido a una bronquitis. Esto es lo que sabemos acerca de su estado de salud."},"content":{"rendered":"<p><img decoding=\"async\" loading=\"lazy\" class=\"\" src=\"https:\/\/imagenes.20minutos.es\/files\/image_990_556\/uploads\/imagenes\/2025\/02\/14\/el-papa-francisco-ingresado-en-el-hospital-debido-a-su-bronquitis.jpeg\" alt=\"El papa Francisco, ingresado en el hospital por una bronquitis\" width=\"628\" height=\"353\" \/><\/p>\n<p>La salud del Papa Francisco ha sido un tema de preocupaci\u00f3n desde hace tiempo, y se le ha visto usando silla de ruedas en varias ocasiones. En esta ocasi\u00f3n, se ha visto obligado a suspender sus actividades programadas debido a un problema de salud. Durante una de sus reuniones, el Papa Francisco experiment\u00f3 dificultades para respirar, lo que lo llev\u00f3 a ser hospitalizado. Seg\u00fan el Vaticano, el pont\u00edfice fue ingresado despu\u00e9s de presentar problemas respiratorios, y se le diagnostic\u00f3 bronquitis.<\/p>\n<p>Informes indican que el Papa, cuyo nombre real es Jorge Bergoglio, fue trasladado al hospital Gemelli en Roma para recibir atenci\u00f3n m\u00e9dica. En el comunicado oficial del Vaticano se se\u00f1al\u00f3 que se le realizaron pruebas diagn\u00f3sticas, y continuar\u00e1 su tratamiento para la bronquitis en un entorno hospitalario mientras sigue su recuperaci\u00f3n.<\/p>\n<p>Este es el tercer a\u00f1o consecutivo que el Papa Francisco se ve obligado a ser hospitalizado debido a problemas respiratorios. Seg\u00fan The Guardian, las actividades programadas para el 14 de febrero y los d\u00edas siguientes, el 15 y 16 de febrero, han sido canceladas.<\/p>\n<p>Un reportero de CNN indic\u00f3 que, durante las reuniones que el Papa Francisco alcanz\u00f3 a realizar, se encontraba \u201cmentalmente alerta\u201d, pero sus dificultades respiratorias eran evidentes, incluso afectando su capacidad para hablar. La bronquitis no es un problema nuevo para Bergoglio, ya que fue hospitalizado por la misma condici\u00f3n en 2023 y 2024. Adem\u00e1s, en su juventud, se someti\u00f3 a una operaci\u00f3n para remover una parte de su pulm\u00f3n, lo que contribuye a sus problemas respiratorios actuales.<\/p>\n<p>A lo largo de los a\u00f1os, el Papa tambi\u00e9n ha sufrido ca\u00eddas y fracturas, y recientemente se le ha visto en silla de ruedas. A pesar de estos problemas de salud, sigue siendo reacio a reducir su carga de trabajo, aunque en este caso, finalmente ha tenido que ceder debido a su situaci\u00f3n m\u00e9dica.<\/p>\n","protected":false},"excerpt":{"rendered":"<p>La salud del Papa Francisco ha sido un tema de preocupaci\u00f3n desde hace tiempo, y se le ha visto usando silla de ruedas en varias ocasiones. En esta ocasi\u00f3n, se ha visto obligado a suspender sus actividades programadas debido a un problema de salud. Durante una de sus reuniones, el Papa Francisco experiment\u00f3 dificultades para &hellip;<\/p>\n","protected":false},"author":2,"featured_media":28368,"comment_status":"open","ping_status":"closed","sticky":false,"template":"","format":"standard","meta":[],"categories":[40,51],"tags":[5896,5905,6846],"_links":{"self":[{"href":"https:\/\/www.elgrillitosuena.com\/inicio\/wp-json\/wp\/v2\/posts\/28367"}],"collection":[{"href":"https:\/\/www.elgrillitosuena.com\/inicio\/wp-json\/wp\/v2\/posts"}],"about":[{"href":"https:\/\/www.elgrillitosuena.com\/inicio\/wp-json\/wp\/v2\/types\/post"}],"author":[{"embeddable":true,"href":"https:\/\/www.elgrillitosuena.com\/inicio\/wp-json\/wp\/v2\/users\/2"}],"replies":[{"embeddable":true,"href":"https:\/\/www.elgrillitosuena.com\/inicio\/wp-json\/wp\/v2\/comments?post=28367"}],"version-history":[{"count":1,"href":"https:\/\/www.elgrillitosuena.com\/inicio\/wp-json\/wp\/v2\/posts\/28367\/revisions"}],"predecessor-version":[{"id":28369,"href":"https:\/\/www.elgrillitosuena.com\/inicio\/wp-json\/wp\/v2\/posts\/28367\/revisions\/28369"}],"wp:featuredmedia":[{"embeddable":true,"href":"https:\/\/www.elgrillitosuena.com\/inicio\/wp-json\/wp\/v2\/media\/28368"}],"wp:attachment":[{"href":"https:\/\/www.elgrillitosuena.com\/inicio\/wp-json\/wp\/v2\/media?parent=28367"}],"wp:term":[{"taxonomy":"category","embeddable":true,"href":"https:\/\/www.elgrillitosuena.com\/inicio\/wp-json\/wp\/v2\/categories?post=28367"},{"taxonomy":"post_tag","embeddable":true,"href":"https:\/\/www.elgrillitosuena.com\/inicio\/wp-json\/wp\/v2\/tags?post=28367"}],"curies":[{"name":"wp","href":"https:\/\/api.w.org\/{rel}","templated":true}]}}