{"id":28343,"date":"2025-02-10T17:03:37","date_gmt":"2025-02-10T17:03:37","guid":{"rendered":"https:\/\/www.elgrillitosuena.com\/inicio\/?p=28343"},"modified":"2025-02-10T17:03:37","modified_gmt":"2025-02-10T17:03:37","slug":"trump-designa-el-9-de-febrero-como-el-dia-de-la-costa-del-golfo-de-ee-uu","status":"publish","type":"post","link":"https:\/\/www.elgrillitosuena.com\/inicio\/noticias\/mundo\/trump-designa-el-9-de-febrero-como-el-dia-de-la-costa-del-golfo-de-ee-uu\/","title":{"rendered":"Trump designa el 9 de febrero como el \u2018D\u00eda de la Costa del Golfo de EE.UU.\u2019"},"content":{"rendered":"<p><img decoding=\"async\" src=\"https:\/\/media.cnn.com\/api\/v1\/images\/stellar\/prod\/ap25040792283914-copy-20250210014213904.jpg?c=16x9&amp;q=h_438,w_780,c_fill\" alt=\"Donald Trump, presidente electo de EE.UU.: noticias, im\u00e1genes y videos |  CNN en Espa\u00f1ol | CNN\" \/><\/p>\n<p>Y hoy en \u201cnoticias que s\u00f3lo le importan a los estadounidenses\u201d (pero neta), presentamos\u2026 Ayer, 9 de febrero, antes de asistir a la final de la NFL en Nueva Orleans, Donald Trump anunci\u00f3 que esta fecha ser\u00e1 la primera en conmemorar el \u2018D\u00eda del Golfo de Am\u00e9rica\u2019.<\/p>\n<h3>Trump oficializa el 9 de febrero como el \u2018D\u00eda del Golfo de Am\u00e9rica\u2019<\/h3>\n<p>A estas alturas del partido, ya deben conocer la insistencia de Trump en querer cambiarle el nombre al \u2018Golfo de M\u00e9xico\u2019 por el \u2018Golfo de Am\u00e9rica\u2019. Un capricho que, en la pr\u00e1ctica, no tiene ninguna utilidad, pero ya sabemos c\u00f3mo se las gasta el presidente estadounidense.<\/p>\n<p>Seg\u00fan \u00e9l, este cambio de nombre se debe a que \u2013en su percepci\u00f3n\u2013 Estados Unidos realiza gran parte del trabajo en materia de seguridad y otras \u00e1reas en M\u00e9xico, lo que, a su parecer, les da derecho a rebautizar lo que para todo el mundo sigue siendo el \u201cGolfo de M\u00e9xico\u201d.<\/p>\n<h3>Firm\u00f3 la proclamaci\u00f3n mientras sobrevolaba la zona rumbo al Super Bowl<\/h3>\n<p>Si bien en Estados Unidos Google Maps ya hizo el cambio y solo all\u00ed aparece con este nuevo nombre, Trump quiso formalizarlo a\u00fan m\u00e1s. As\u00ed que, mientras sobrevolaba el Golfo de M\u00e9xico en el Air Force One camino al Super Bowl, firm\u00f3 una proclamaci\u00f3n que establece oficialmente el \u201cD\u00eda del Golfo de Am\u00e9rica\u201d.<\/p>\n<p>Incluso, durante el vuelo, el presidente afirm\u00f3 que esta nueva conmemoraci\u00f3n era un evento m\u00e1s relevante que la mism\u00edsima final de la NFL.<\/p>\n<h3>Un d\u00eda que solo tendr\u00e1 relevancia en Estados Unidos<\/h3>\n<p>As\u00ed que, a partir de este 2025, cada 9 de febrero en Estados Unidos se celebrar\u00e1 el \u2018D\u00eda del Golfo de Am\u00e9rica\u2019, mientras que en el resto del mundo seguir\u00e1 siendo un d\u00eda m\u00e1s en el calendario (por ahora).<\/p>\n","protected":false},"excerpt":{"rendered":"<p>Y hoy en \u201cnoticias que s\u00f3lo le importan a los estadounidenses\u201d (pero neta), presentamos\u2026 Ayer, 9 de febrero, antes de asistir a la final de la NFL en Nueva Orleans, Donald Trump anunci\u00f3 que esta fecha ser\u00e1 la primera en conmemorar el \u2018D\u00eda del Golfo de Am\u00e9rica\u2019. Trump oficializa el 9 de febrero como el &hellip;<\/p>\n","protected":false},"author":2,"featured_media":28315,"comment_status":"open","ping_status":"closed","sticky":false,"template":"","format":"standard","meta":[],"categories":[40,51,3117],"tags":[6836,6835,6837],"_links":{"self":[{"href":"https:\/\/www.elgrillitosuena.com\/inicio\/wp-json\/wp\/v2\/posts\/28343"}],"collection":[{"href":"https:\/\/www.elgrillitosuena.com\/inicio\/wp-json\/wp\/v2\/posts"}],"about":[{"href":"https:\/\/www.elgrillitosuena.com\/inicio\/wp-json\/wp\/v2\/types\/post"}],"author":[{"embeddable":true,"href":"https:\/\/www.elgrillitosuena.com\/inicio\/wp-json\/wp\/v2\/users\/2"}],"replies":[{"embeddable":true,"href":"https:\/\/www.elgrillitosuena.com\/inicio\/wp-json\/wp\/v2\/comments?post=28343"}],"version-history":[{"count":1,"href":"https:\/\/www.elgrillitosuena.com\/inicio\/wp-json\/wp\/v2\/posts\/28343\/revisions"}],"predecessor-version":[{"id":28344,"href":"https:\/\/www.elgrillitosuena.com\/inicio\/wp-json\/wp\/v2\/posts\/28343\/revisions\/28344"}],"wp:featuredmedia":[{"embeddable":true,"href":"https:\/\/www.elgrillitosuena.com\/inicio\/wp-json\/wp\/v2\/media\/28315"}],"wp:attachment":[{"href":"https:\/\/www.elgrillitosuena.com\/inicio\/wp-json\/wp\/v2\/media?parent=28343"}],"wp:term":[{"taxonomy":"category","embeddable":true,"href":"https:\/\/www.elgrillitosuena.com\/inicio\/wp-json\/wp\/v2\/categories?post=28343"},{"taxonomy":"post_tag","embeddable":true,"href":"https:\/\/www.elgrillitosuena.com\/inicio\/wp-json\/wp\/v2\/tags?post=28343"}],"curies":[{"name":"wp","href":"https:\/\/api.w.org\/{rel}","templated":true}]}}