{"id":2808,"date":"2020-12-11T14:10:14","date_gmt":"2020-12-11T14:10:14","guid":{"rendered":"https:\/\/www.elgrillitosuena.com\/inicio\/?p=2808"},"modified":"2020-12-11T14:25:28","modified_gmt":"2020-12-11T14:25:28","slug":"sin-candidato-aun-pan-prd-y-pri-presentan-convenio-de-candidatura-comun-a-gubernatura","status":"publish","type":"post","link":"https:\/\/www.elgrillitosuena.com\/inicio\/noticias\/michoacan\/sin-candidato-aun-pan-prd-y-pri-presentan-convenio-de-candidatura-comun-a-gubernatura\/","title":{"rendered":"Sin candidato a\u00fan, PAN, PRD y PRI presentan convenio de candidatura com\u00fan a gubernatura"},"content":{"rendered":"<p><img decoding=\"async\" loading=\"lazy\" class=\"alignnone wp-image-2809\" src=\"https:\/\/www.elgrillitosuena.com\/inicio\/wp-content\/uploads\/2020\/12\/Convenio-candidatura-comu\u0301n-2-300x200.jpg\" alt=\"\" width=\"690\" height=\"460\" srcset=\"https:\/\/www.elgrillitosuena.com\/inicio\/wp-content\/uploads\/2020\/12\/Convenio-candidatura-comu\u0301n-2-300x200.jpg 300w, https:\/\/www.elgrillitosuena.com\/inicio\/wp-content\/uploads\/2020\/12\/Convenio-candidatura-comu\u0301n-2.jpg 700w\" sizes=\"(max-width: 690px) 100vw, 690px\" \/><\/p>\n<p>Uruapan, Mich.- Tus t\u00edos los que se peleaban por el terreno de la abuela, PAN, PRD y PRI, y<strong>a presentaron el Convenio de Candidatura Com\u00fan a la gubernatura del estado<\/strong>, renunciando a los intereses partidistas por el bien de Michoac\u00e1n (jajaja) y con piso parejo para todos los aspirantes.<\/p>\n<p>Por su parte, \u00d3scar Escobar, del PAN; Jes\u00fas Hern\u00e1ndez Pe\u00f1a, del PRI, y V\u00edctor Manr\u00edquez, del PRD, <strong>coincidieron que en coalici\u00f3n velar\u00e1n por los intereses de las y los michoacanos<\/strong> (seg\u00fan ellos).<\/p>\n<p>Tras la firma del convenio ante el Instituto Electoral de Michoac\u00e1n (IEM), el l\u00edder panista manifest\u00f3 que solo juntos, partidos y sociedad, defender\u00e1n a Michoac\u00e1n de la \u201camenaza y de los terribles momentos que ha sufrido por el abandono de un gobierno con el que no coincidimos\u201d.<\/p>\n<p>Aunque V\u00edctor Manr\u00edquez aclar\u00f3 que no es en contra de un partido pol\u00edtico o de otro candidato, sino en favor de las y los michoacanos.<\/p>\n<p>\u00bfQu\u00e9 piensas sobre esto?<\/p>\n","protected":false},"excerpt":{"rendered":"<p>Uruapan, Mich.- Tus t\u00edos los que se peleaban por el terreno de la abuela, PAN, PRD y PRI, ya presentaron el Convenio de Candidatura Com\u00fan a la gubernatura del estado, renunciando a los intereses partidistas por el bien de Michoac\u00e1n (jajaja) y con piso parejo para todos los aspirantes. Por su parte, \u00d3scar Escobar, del &hellip;<\/p>\n","protected":false},"author":2,"featured_media":2809,"comment_status":"open","ping_status":"closed","sticky":false,"template":"","format":"standard","meta":[],"categories":[38],"tags":[697,164,654,653],"_links":{"self":[{"href":"https:\/\/www.elgrillitosuena.com\/inicio\/wp-json\/wp\/v2\/posts\/2808"}],"collection":[{"href":"https:\/\/www.elgrillitosuena.com\/inicio\/wp-json\/wp\/v2\/posts"}],"about":[{"href":"https:\/\/www.elgrillitosuena.com\/inicio\/wp-json\/wp\/v2\/types\/post"}],"author":[{"embeddable":true,"href":"https:\/\/www.elgrillitosuena.com\/inicio\/wp-json\/wp\/v2\/users\/2"}],"replies":[{"embeddable":true,"href":"https:\/\/www.elgrillitosuena.com\/inicio\/wp-json\/wp\/v2\/comments?post=2808"}],"version-history":[{"count":3,"href":"https:\/\/www.elgrillitosuena.com\/inicio\/wp-json\/wp\/v2\/posts\/2808\/revisions"}],"predecessor-version":[{"id":2814,"href":"https:\/\/www.elgrillitosuena.com\/inicio\/wp-json\/wp\/v2\/posts\/2808\/revisions\/2814"}],"wp:featuredmedia":[{"embeddable":true,"href":"https:\/\/www.elgrillitosuena.com\/inicio\/wp-json\/wp\/v2\/media\/2809"}],"wp:attachment":[{"href":"https:\/\/www.elgrillitosuena.com\/inicio\/wp-json\/wp\/v2\/media?parent=2808"}],"wp:term":[{"taxonomy":"category","embeddable":true,"href":"https:\/\/www.elgrillitosuena.com\/inicio\/wp-json\/wp\/v2\/categories?post=2808"},{"taxonomy":"post_tag","embeddable":true,"href":"https:\/\/www.elgrillitosuena.com\/inicio\/wp-json\/wp\/v2\/tags?post=2808"}],"curies":[{"name":"wp","href":"https:\/\/api.w.org\/{rel}","templated":true}]}}