{"id":28070,"date":"2024-12-16T19:27:51","date_gmt":"2024-12-16T19:27:51","guid":{"rendered":"https:\/\/www.elgrillitosuena.com\/inicio\/?p=28070"},"modified":"2024-12-16T19:27:51","modified_gmt":"2024-12-16T19:27:51","slug":"se-calienta-morena-adan-augusto-y-ricardo-monreal-chocan-por-el-futuro-del-senado","status":"publish","type":"post","link":"https:\/\/www.elgrillitosuena.com\/inicio\/noticias\/mexico\/se-calienta-morena-adan-augusto-y-ricardo-monreal-chocan-por-el-futuro-del-senado\/","title":{"rendered":"\u00a1Se calienta Morena! Ad\u00e1n Augusto y Ricardo Monreal chocan por el futuro del Senado"},"content":{"rendered":"<p><img decoding=\"async\" loading=\"lazy\" class=\"alignnone  wp-image-28071\" src=\"https:\/\/www.elgrillitosuena.com\/inicio\/wp-content\/uploads\/2024\/12\/Chocan-Ricardo-Monreal-y-Adan-Augusto-Lopez-por-presupuesto-al-Senado-300x200.png\" alt=\"\" width=\"632\" height=\"421\" srcset=\"https:\/\/www.elgrillitosuena.com\/inicio\/wp-content\/uploads\/2024\/12\/Chocan-Ricardo-Monreal-y-Adan-Augusto-Lopez-por-presupuesto-al-Senado-300x200.png 300w, https:\/\/www.elgrillitosuena.com\/inicio\/wp-content\/uploads\/2024\/12\/Chocan-Ricardo-Monreal-y-Adan-Augusto-Lopez-por-presupuesto-al-Senado-1024x682.png 1024w, https:\/\/www.elgrillitosuena.com\/inicio\/wp-content\/uploads\/2024\/12\/Chocan-Ricardo-Monreal-y-Adan-Augusto-Lopez-por-presupuesto-al-Senado-768x512.png 768w, https:\/\/www.elgrillitosuena.com\/inicio\/wp-content\/uploads\/2024\/12\/Chocan-Ricardo-Monreal-y-Adan-Augusto-Lopez-por-presupuesto-al-Senado-1536x1023.png 1536w, https:\/\/www.elgrillitosuena.com\/inicio\/wp-content\/uploads\/2024\/12\/Chocan-Ricardo-Monreal-y-Adan-Augusto-Lopez-por-presupuesto-al-Senado.png 1920w\" sizes=\"(max-width: 632px) 100vw, 632px\" \/><\/p>\n<p>El movimiento pol\u00edtico de la Cuarta Transformaci\u00f3n enfrenta momentos de tensi\u00f3n interna. Ad\u00e1n Augusto L\u00f3pez y Ricardo Monreal han protagonizado un enfrentamiento p\u00fablico que amenaza con debilitar la cohesi\u00f3n de Morena, especialmente en el contexto de las elecciones de 2024.<\/p>\n<p>El conflicto comenz\u00f3 cuando Ad\u00e1n Augusto critic\u00f3 a Monreal por aprobar un recorte presupuestal de 260 millones de pesos al Senado, asegurando que esta decisi\u00f3n afectar\u00eda gravemente su operatividad. Adem\u00e1s, se\u00f1al\u00f3 supuestas irregularidades en contratos realizados durante la gesti\u00f3n de Monreal, quien no tard\u00f3 en responder calificando las acusaciones como &#8220;calumnias&#8221; y parte de una campa\u00f1a pol\u00edtica en su contra. \u201cAd\u00e1n Augusto est\u00e1 usando estos temas como herramienta de descalificaci\u00f3n; las cifras que maneja son falsas\u201d, enfatiz\u00f3 el senador.<\/p>\n<p>Por otro lado, ambos pol\u00edticos tambi\u00e9n han tenido diferencias respecto a la selecci\u00f3n de candidatos para cargos importantes. Monreal insisti\u00f3 en la necesidad de evaluar a profundidad las cualidades de los aspirantes, mientras que Ad\u00e1n Augusto ha manifestado desacuerdo con los m\u00e9todos usados.<\/p>\n<p>Ante la escalada de tensiones, la presidenta Claudia Sheinbaum hizo un llamado p\u00fablico a mantener la unidad dentro de Morena. \u201cNecesitamos cabeza fr\u00eda, porque nuestro objetivo no es dividirnos sino consolidar la Cuarta Transformaci\u00f3n. Las diferencias son normales, pero deben resolverse con di\u00e1logo y en beneficio del pueblo de M\u00e9xico\u201d, declar\u00f3 durante una conferencia de prensa.<\/p>\n<p>Por su parte, figuras como Gerardo Fern\u00e1ndez Noro\u00f1a tambi\u00e9n han intentado mediar entre ambas partes, subrayando que estos conflictos podr\u00edan dar ventaja a la oposici\u00f3n si no se gestionan adecuadamente.<\/p>\n","protected":false},"excerpt":{"rendered":"<p>El movimiento pol\u00edtico de la Cuarta Transformaci\u00f3n enfrenta momentos de tensi\u00f3n interna. Ad\u00e1n Augusto L\u00f3pez y Ricardo Monreal han protagonizado un enfrentamiento p\u00fablico que amenaza con debilitar la cohesi\u00f3n de Morena, especialmente en el contexto de las elecciones de 2024. El conflicto comenz\u00f3 cuando Ad\u00e1n Augusto critic\u00f3 a Monreal por aprobar un recorte presupuestal de &hellip;<\/p>\n","protected":false},"author":2,"featured_media":28071,"comment_status":"open","ping_status":"closed","sticky":false,"template":"","format":"standard","meta":[],"categories":[39],"tags":[6007,3062,494,1074],"_links":{"self":[{"href":"https:\/\/www.elgrillitosuena.com\/inicio\/wp-json\/wp\/v2\/posts\/28070"}],"collection":[{"href":"https:\/\/www.elgrillitosuena.com\/inicio\/wp-json\/wp\/v2\/posts"}],"about":[{"href":"https:\/\/www.elgrillitosuena.com\/inicio\/wp-json\/wp\/v2\/types\/post"}],"author":[{"embeddable":true,"href":"https:\/\/www.elgrillitosuena.com\/inicio\/wp-json\/wp\/v2\/users\/2"}],"replies":[{"embeddable":true,"href":"https:\/\/www.elgrillitosuena.com\/inicio\/wp-json\/wp\/v2\/comments?post=28070"}],"version-history":[{"count":1,"href":"https:\/\/www.elgrillitosuena.com\/inicio\/wp-json\/wp\/v2\/posts\/28070\/revisions"}],"predecessor-version":[{"id":28072,"href":"https:\/\/www.elgrillitosuena.com\/inicio\/wp-json\/wp\/v2\/posts\/28070\/revisions\/28072"}],"wp:featuredmedia":[{"embeddable":true,"href":"https:\/\/www.elgrillitosuena.com\/inicio\/wp-json\/wp\/v2\/media\/28071"}],"wp:attachment":[{"href":"https:\/\/www.elgrillitosuena.com\/inicio\/wp-json\/wp\/v2\/media?parent=28070"}],"wp:term":[{"taxonomy":"category","embeddable":true,"href":"https:\/\/www.elgrillitosuena.com\/inicio\/wp-json\/wp\/v2\/categories?post=28070"},{"taxonomy":"post_tag","embeddable":true,"href":"https:\/\/www.elgrillitosuena.com\/inicio\/wp-json\/wp\/v2\/tags?post=28070"}],"curies":[{"name":"wp","href":"https:\/\/api.w.org\/{rel}","templated":true}]}}