{"id":28067,"date":"2024-12-16T17:37:33","date_gmt":"2024-12-16T17:37:33","guid":{"rendered":"https:\/\/www.elgrillitosuena.com\/inicio\/?p=28067"},"modified":"2024-12-16T17:37:33","modified_gmt":"2024-12-16T17:37:33","slug":"en-septiembre-de-2025-bedolla-inaugurara-el-teleferico-de-uruapan","status":"publish","type":"post","link":"https:\/\/www.elgrillitosuena.com\/inicio\/noticias\/uruapan\/en-septiembre-de-2025-bedolla-inaugurara-el-teleferico-de-uruapan\/","title":{"rendered":"En septiembre de 2025 Bedolla inaugurar\u00e1 el telef\u00e9rico de Uruapan"},"content":{"rendered":"<p><img decoding=\"async\" loading=\"lazy\" class=\"\" src=\"https:\/\/www.doppelmayr.com\/wp-content\/uploads\/2023\/10\/Uruapan-Mexico_Doppelmayr-Urban-Ropeway_Picture1-aspect-ratio-2-1.jpg\" alt=\"10-MGD-Uruapan-Mexico - Doppelmayr Grupo\" width=\"742\" height=\"371\" \/><\/p>\n<p>&nbsp;<\/p>\n<p>&nbsp;<\/p>\n<p>La obra que presenta un avance f\u00edsico del 61 por ciento, tanto en la construcci\u00f3n del sistema electromec\u00e1nico como en la obra civil ejecutada\u00a0Para septiembre de 2025 ser\u00e1 inaugurado el telef\u00e9rico de Uruapan, y conforme a lo programado, la presidenta Claudia Sheinbaum Pardo estar\u00eda presente en la puesta en marcha de este sistema de transporte, se\u00f1al\u00f3 el gobernador Alfredo Ram\u00edrez Bedolla.<\/p>\n<p>La obra, que actualmente registra un avance f\u00edsico del 61 por ciento en su desarrollo, abarca tanto la construcci\u00f3n del sistema electromec\u00e1nico como el progreso en la obra civil, y cumple con todos los permisos y licencias requeridos por las autoridades correspondientes. Este proyecto, seg\u00fan lo informado, ha sido ejecutado bajo estrictos lineamientos para garantizar su legalidad y sostenibilidad.<\/p>\n<p>Por su parte, el gobernador Ram\u00edrez Bedolla subray\u00f3 la importancia de preservar los espacios naturales de la regi\u00f3n durante la ejecuci\u00f3n del proyecto. En particular, destac\u00f3 que se han respetado integralmente las \u00e1reas protegidas del Parque Nacional Barranca del Cupatitzio, asegurando que las obras no han interferido con este valioso entorno natural. Seg\u00fan el mandatario, no se ha realizado ninguna alteraci\u00f3n ni se ha instalado un solo elemento que pueda comprometer la conservaci\u00f3n de esta zona, reafirmando el compromiso del gobierno con el medio ambiente y la protecci\u00f3n de los recursos naturales de Michoac\u00e1n.<\/p>\n<p>Esta iniciativa busca no solo cumplir con sus objetivos de infraestructura, sino tambi\u00e9n ser un ejemplo de armon\u00eda entre el desarrollo y la conservaci\u00f3n ambiental.<\/p>\n<p>El telef\u00e9rico de Uruapan, seg\u00fan se detall\u00f3, cuenta con la totalidad de los permisos necesarios para su construcci\u00f3n, entre los que se incluyen la licencia de uso de suelo, la manifestaci\u00f3n de impacto ambiental, el dictamen en materia de riesgo y vulnerabilidad, as\u00ed como la autorizaci\u00f3n para construcci\u00f3n y factibilidad otorgada por el Instituto Nacional de Antropolog\u00eda e Historia (INAH). Adem\u00e1s, se cuenta con la validaci\u00f3n de la Comisi\u00f3n de Agua Potable, Alcantarillado y Saneamiento de Uruapan (Capasu), lo que garantiza que todos los aspectos legales y t\u00e9cnicos han sido cumplidos a cabalidad.<\/p>\n<p>Este proyecto destaca a nivel global por su magnitud, ya que se perfila como uno de los telef\u00e9ricos m\u00e1s extensos en construcci\u00f3n en todo el mundo, con una longitud total de 8.4 kil\u00f3metros. Esta gran obra de infraestructura no solo busca mejorar la conectividad en la regi\u00f3n, sino que tambi\u00e9n incluye una serie de acciones complementarias para beneficiar a las comunidades cercanas. En las colonias donde se encuentran ubicadas las torres y las estaciones del telef\u00e9rico, se llevan a cabo trabajos de urbanizaci\u00f3n que buscan elevar la calidad de vida de los habitantes, a trav\u00e9s de mejoras en infraestructura vial, servicios p\u00fablicos y entornos m\u00e1s ordenados y funcionales.<\/p>\n<p>Con este proyecto, Uruapan no solo se posiciona como un referente de innovaci\u00f3n y desarrollo en el \u00e1mbito de transporte, sino que tambi\u00e9n demuestra un enfoque integral al vincular la modernizaci\u00f3n con el bienestar social, la sostenibilidad ambiental y el cumplimiento normativo.<\/p>\n","protected":false},"excerpt":{"rendered":"<p>&nbsp; &nbsp; La obra que presenta un avance f\u00edsico del 61 por ciento, tanto en la construcci\u00f3n del sistema electromec\u00e1nico como en la obra civil ejecutada\u00a0Para septiembre de 2025 ser\u00e1 inaugurado el telef\u00e9rico de Uruapan, y conforme a lo programado, la presidenta Claudia Sheinbaum Pardo estar\u00eda presente en la puesta en marcha de este sistema &hellip;<\/p>\n","protected":false},"author":2,"featured_media":28068,"comment_status":"open","ping_status":"closed","sticky":false,"template":"","format":"standard","meta":[],"categories":[39,38,51,37],"tags":[6730,1292,63],"_links":{"self":[{"href":"https:\/\/www.elgrillitosuena.com\/inicio\/wp-json\/wp\/v2\/posts\/28067"}],"collection":[{"href":"https:\/\/www.elgrillitosuena.com\/inicio\/wp-json\/wp\/v2\/posts"}],"about":[{"href":"https:\/\/www.elgrillitosuena.com\/inicio\/wp-json\/wp\/v2\/types\/post"}],"author":[{"embeddable":true,"href":"https:\/\/www.elgrillitosuena.com\/inicio\/wp-json\/wp\/v2\/users\/2"}],"replies":[{"embeddable":true,"href":"https:\/\/www.elgrillitosuena.com\/inicio\/wp-json\/wp\/v2\/comments?post=28067"}],"version-history":[{"count":1,"href":"https:\/\/www.elgrillitosuena.com\/inicio\/wp-json\/wp\/v2\/posts\/28067\/revisions"}],"predecessor-version":[{"id":28069,"href":"https:\/\/www.elgrillitosuena.com\/inicio\/wp-json\/wp\/v2\/posts\/28067\/revisions\/28069"}],"wp:featuredmedia":[{"embeddable":true,"href":"https:\/\/www.elgrillitosuena.com\/inicio\/wp-json\/wp\/v2\/media\/28068"}],"wp:attachment":[{"href":"https:\/\/www.elgrillitosuena.com\/inicio\/wp-json\/wp\/v2\/media?parent=28067"}],"wp:term":[{"taxonomy":"category","embeddable":true,"href":"https:\/\/www.elgrillitosuena.com\/inicio\/wp-json\/wp\/v2\/categories?post=28067"},{"taxonomy":"post_tag","embeddable":true,"href":"https:\/\/www.elgrillitosuena.com\/inicio\/wp-json\/wp\/v2\/tags?post=28067"}],"curies":[{"name":"wp","href":"https:\/\/api.w.org\/{rel}","templated":true}]}}