{"id":27786,"date":"2024-09-25T18:55:48","date_gmt":"2024-09-25T18:55:48","guid":{"rendered":"https:\/\/www.elgrillitosuena.com\/inicio\/?p=27786"},"modified":"2024-09-25T18:55:48","modified_gmt":"2024-09-25T18:55:48","slug":"santiago-gimenez-y-feyenoord-viven-pesadilla-en-champions","status":"publish","type":"post","link":"https:\/\/www.elgrillitosuena.com\/inicio\/noticias\/deportes\/santiago-gimenez-y-feyenoord-viven-pesadilla-en-champions\/","title":{"rendered":"Santiago Gim\u00e9nez y Feyenoord viven pesadilla en Champions"},"content":{"rendered":"<p><img decoding=\"async\" loading=\"lazy\" class=\"alignnone  wp-image-27787\" src=\"https:\/\/www.elgrillitosuena.com\/inicio\/wp-content\/uploads\/2024\/09\/f34063b5-santiago-gimenez-300x240.jpeg\" alt=\"\" width=\"678\" height=\"542\" srcset=\"https:\/\/www.elgrillitosuena.com\/inicio\/wp-content\/uploads\/2024\/09\/f34063b5-santiago-gimenez-300x240.jpeg 300w, https:\/\/www.elgrillitosuena.com\/inicio\/wp-content\/uploads\/2024\/09\/f34063b5-santiago-gimenez-1024x819.jpeg 1024w, https:\/\/www.elgrillitosuena.com\/inicio\/wp-content\/uploads\/2024\/09\/f34063b5-santiago-gimenez-768x614.jpeg 768w, https:\/\/www.elgrillitosuena.com\/inicio\/wp-content\/uploads\/2024\/09\/f34063b5-santiago-gimenez.jpeg 1350w\" sizes=\"(max-width: 678px) 100vw, 678px\" \/><\/p>\n<p>El mexicano\u00a0Santiago Gim\u00e9nez\u00a0y el Feyenoord vivieron una pesadilla en el inicio de la nueva\u00a0Champions League, luego de ser goleados 0-4 por el Bayer Leverkusen en la jornada 1 de la Fase de Liga, que se jug\u00f3 en el Stadion Feijenoord &#8216;De Kuip de R\u00f3terdam.<\/p>\n<p><strong>Santiago Gim\u00e9nez<\/strong>\u00a0arranc\u00f3 su segunda Champions League de titular, con un registro de dos goles y una asistencia en la Eredivisie. El delantero azteca careci\u00f3 de balones y cuando lo tuvo, le llegaron hasta tres defensores; jug\u00f3 todo el encuentro.<\/p>\n<p>El\u00a0Bayer Leverkusen\u00a0\u201cmadrug\u00f3\u201d al Feyenoord.\u00a0<strong>Florian Wirtz<\/strong>\u00a0mand\u00f3 un remate de pierna izquierda desde fuera del \u00e1rea que bati\u00f3 Timon Wellenreuther al minuto 5.<\/p>\n<p>En una jugada de fantas\u00eda de Victor Boniface, el bal\u00f3n lleg\u00f3 para Jeremie Frimpong, quien lo envi\u00f3 a segundo poste para que Alejandro Grimaldo lo empujara al fondo al minuto 30.<\/p>\n<p>Cinco minutos despu\u00e9s, el\u00a0<strong>Bayer<\/strong>\u00a0coron\u00f3 un contraataque. Facilidad por el sector derecho, donde Frimpong con toda la calma posible mand\u00f3 un cambio de juego para que Wirtz rematara a puerta y hacer el 0-3.<\/p>\n<p>El centrocampista marc\u00f3 su doblete, tal como lo hizo\u00a0<strong>Santiago Gim\u00e9nez<\/strong>\u00a0en su primer duelo de Champions, cuando lo logr\u00f3 ante la Lazio.<\/p>\n<p>A un minuto del final del primer tiempo, el Leverkusen puso el 0-4. Tiro libre cobrado al poste izquierdo, Edmond Tapsoba remat\u00f3 de cabeza y el portero del Feyenoord desvi\u00f3 el esf\u00e9rico y lo meti\u00f3 a propia puerta.<\/p>\n<p>Para el segundo tiempo,\u00a0<strong>Feyenoord\u00a0<\/strong>mostr\u00f3 otra cara, m\u00e1s propositivo. Quinten Timber se sacudi\u00f3 las marcas para mandar un derechazo que desvi\u00f3 el arquero a tiro de esquina al 55\u2019.<\/p>\n<p>Por m\u00e1s empuje, el Bayer Leverkusen cerr\u00f3 los espacios y el Feyenoord no pudo plasmarlo en el marcador. Sum\u00f3 un segundo gol anulado por fuera de juego.<\/p>\n<p>El cuadro de las Aspirinas se coloc\u00f3 entre los primeros lugares de la tabla general de la Fase de Liga, mientras que el Feyenoord en los \u00faltimos lugares.<\/p>\n","protected":false},"excerpt":{"rendered":"<p>El mexicano\u00a0Santiago Gim\u00e9nez\u00a0y el Feyenoord vivieron una pesadilla en el inicio de la nueva\u00a0Champions League, luego de ser goleados 0-4 por el Bayer Leverkusen en la jornada 1 de la Fase de Liga, que se jug\u00f3 en el Stadion Feijenoord &#8216;De Kuip de R\u00f3terdam. Santiago Gim\u00e9nez\u00a0arranc\u00f3 su segunda Champions League de titular, con un registro &hellip;<\/p>\n","protected":false},"author":2,"featured_media":27787,"comment_status":"open","ping_status":"closed","sticky":false,"template":"","format":"standard","meta":[],"categories":[45],"tags":[85,336,6319],"_links":{"self":[{"href":"https:\/\/www.elgrillitosuena.com\/inicio\/wp-json\/wp\/v2\/posts\/27786"}],"collection":[{"href":"https:\/\/www.elgrillitosuena.com\/inicio\/wp-json\/wp\/v2\/posts"}],"about":[{"href":"https:\/\/www.elgrillitosuena.com\/inicio\/wp-json\/wp\/v2\/types\/post"}],"author":[{"embeddable":true,"href":"https:\/\/www.elgrillitosuena.com\/inicio\/wp-json\/wp\/v2\/users\/2"}],"replies":[{"embeddable":true,"href":"https:\/\/www.elgrillitosuena.com\/inicio\/wp-json\/wp\/v2\/comments?post=27786"}],"version-history":[{"count":1,"href":"https:\/\/www.elgrillitosuena.com\/inicio\/wp-json\/wp\/v2\/posts\/27786\/revisions"}],"predecessor-version":[{"id":27788,"href":"https:\/\/www.elgrillitosuena.com\/inicio\/wp-json\/wp\/v2\/posts\/27786\/revisions\/27788"}],"wp:featuredmedia":[{"embeddable":true,"href":"https:\/\/www.elgrillitosuena.com\/inicio\/wp-json\/wp\/v2\/media\/27787"}],"wp:attachment":[{"href":"https:\/\/www.elgrillitosuena.com\/inicio\/wp-json\/wp\/v2\/media?parent=27786"}],"wp:term":[{"taxonomy":"category","embeddable":true,"href":"https:\/\/www.elgrillitosuena.com\/inicio\/wp-json\/wp\/v2\/categories?post=27786"},{"taxonomy":"post_tag","embeddable":true,"href":"https:\/\/www.elgrillitosuena.com\/inicio\/wp-json\/wp\/v2\/tags?post=27786"}],"curies":[{"name":"wp","href":"https:\/\/api.w.org\/{rel}","templated":true}]}}