{"id":27604,"date":"2024-09-03T19:34:59","date_gmt":"2024-09-03T19:34:59","guid":{"rendered":"https:\/\/www.elgrillitosuena.com\/inicio\/?p=27604"},"modified":"2024-09-03T19:34:59","modified_gmt":"2024-09-03T19:34:59","slug":"lopez-obrador-avala-paro-trabajadores-de-la-corte-tienen-derecho-defienden-sus-privilegios","status":"publish","type":"post","link":"https:\/\/www.elgrillitosuena.com\/inicio\/noticias\/mexico\/lopez-obrador-avala-paro-trabajadores-de-la-corte-tienen-derecho-defienden-sus-privilegios\/","title":{"rendered":"L\u00f3pez Obrador avala paro trabajadores de la Corte: &#8216;tienen derecho, defienden sus privilegios&#8217;"},"content":{"rendered":"<p><img decoding=\"async\" loading=\"lazy\" class=\"alignnone  wp-image-27605\" src=\"https:\/\/www.elgrillitosuena.com\/inicio\/wp-content\/uploads\/2024\/09\/amlo1-300x188.jpg\" alt=\"\" width=\"680\" height=\"426\" srcset=\"https:\/\/www.elgrillitosuena.com\/inicio\/wp-content\/uploads\/2024\/09\/amlo1-300x188.jpg 300w, https:\/\/www.elgrillitosuena.com\/inicio\/wp-content\/uploads\/2024\/09\/amlo1-1024x640.jpg 1024w, https:\/\/www.elgrillitosuena.com\/inicio\/wp-content\/uploads\/2024\/09\/amlo1-768x480.jpg 768w, https:\/\/www.elgrillitosuena.com\/inicio\/wp-content\/uploads\/2024\/09\/amlo1.jpg 1200w\" sizes=\"(max-width: 680px) 100vw, 680px\" \/><\/p>\n<p>Desde Palacio Nacional, el presidente de M\u00e9xico, Andr\u00e9s Manuel L\u00f3pez Obrador, se refiri\u00f3 al paro de labores de los trabajadores de la Suprema Corte de Justicia de la Naci\u00f3n (SCJN), pues afirm\u00f3 \u201cest\u00e1n en su derecho y tienen que defender sus privilegios\u201d.<\/p>\n<p>Cabe recordar que el d\u00eda de ayer dichos empleados votaron a favor del paro indefinido en solidaridad a sus compa\u00f1eros del Poder Judicial que suspendieron actividades desde hace dos semanas para mostrar su rechazo a la reforma judicial emprendida por el actual gobierno federal.<\/p>\n<p>Pues s\u00ed, est\u00e1n en su derecho, imag\u00ednense, tienen que defender sus privilegios. La mayor\u00eda del pueblo quiere elegir a sus jueces, a los magistrados, a los ministros. Solamente las \u00e9lites no quieren\u201d, mencion\u00f3.<\/p>\n<p>En este contexto, el mandatario record\u00f3 nuevamente los altos salarios de los ministros de la Corte, de hasta 700 mil pesos mensuales, situaci\u00f3n que fiel a su estilo indic\u00f3, \u201cno estoy celoso, pero ganan cuatro veces m\u00e1s que el Presidente\u201d.<\/p>\n<p>Adem\u00e1s el jefe del estado mexicano dijo que se pueden probar las malas pr\u00e1cticas que se han cometido en el poder judicial en donde frecuentemente se viola la Constituci\u00f3n por lo que pregunt\u00f3 &#8220;\u00bfdejamos las cosas as\u00ed?&#8221;.<\/p>\n<p>En cuanto al bloqueo que realizaron trabajadores del Poder Judicial alrededor del Palacio Legislativo de San L\u00e1zaro, el presidente tambi\u00e9n se limit\u00f3 a repetir que &#8220;est\u00e1n en su derecho&#8221;.<\/p>\n<p>En m\u00e1s sobre la decisi\u00f3n de los trabajadores en relaci\u00f3n al paro de labores, el Colegio de Secretarios de la SCJN inform\u00f3 que, de mil 72 votos, 951 fueron a favor, 116 en contra y cinco abstenciones. Sobre la asistencia a laborar este 3 de septiembre se sabe que ser\u00e1 como una jornada normal y que en el transcurso del d\u00eda se dar\u00e1 m\u00e1s informaci\u00f3n.<\/p>\n<p>&nbsp;<\/p>\n","protected":false},"excerpt":{"rendered":"<p>Desde Palacio Nacional, el presidente de M\u00e9xico, Andr\u00e9s Manuel L\u00f3pez Obrador, se refiri\u00f3 al paro de labores de los trabajadores de la Suprema Corte de Justicia de la Naci\u00f3n (SCJN), pues afirm\u00f3 \u201cest\u00e1n en su derecho y tienen que defender sus privilegios\u201d. Cabe recordar que el d\u00eda de ayer dichos empleados votaron a favor del &hellip;<\/p>\n","protected":false},"author":2,"featured_media":27605,"comment_status":"open","ping_status":"closed","sticky":false,"template":"","format":"standard","meta":[],"categories":[39],"tags":[98,156,5391],"_links":{"self":[{"href":"https:\/\/www.elgrillitosuena.com\/inicio\/wp-json\/wp\/v2\/posts\/27604"}],"collection":[{"href":"https:\/\/www.elgrillitosuena.com\/inicio\/wp-json\/wp\/v2\/posts"}],"about":[{"href":"https:\/\/www.elgrillitosuena.com\/inicio\/wp-json\/wp\/v2\/types\/post"}],"author":[{"embeddable":true,"href":"https:\/\/www.elgrillitosuena.com\/inicio\/wp-json\/wp\/v2\/users\/2"}],"replies":[{"embeddable":true,"href":"https:\/\/www.elgrillitosuena.com\/inicio\/wp-json\/wp\/v2\/comments?post=27604"}],"version-history":[{"count":1,"href":"https:\/\/www.elgrillitosuena.com\/inicio\/wp-json\/wp\/v2\/posts\/27604\/revisions"}],"predecessor-version":[{"id":27606,"href":"https:\/\/www.elgrillitosuena.com\/inicio\/wp-json\/wp\/v2\/posts\/27604\/revisions\/27606"}],"wp:featuredmedia":[{"embeddable":true,"href":"https:\/\/www.elgrillitosuena.com\/inicio\/wp-json\/wp\/v2\/media\/27605"}],"wp:attachment":[{"href":"https:\/\/www.elgrillitosuena.com\/inicio\/wp-json\/wp\/v2\/media?parent=27604"}],"wp:term":[{"taxonomy":"category","embeddable":true,"href":"https:\/\/www.elgrillitosuena.com\/inicio\/wp-json\/wp\/v2\/categories?post=27604"},{"taxonomy":"post_tag","embeddable":true,"href":"https:\/\/www.elgrillitosuena.com\/inicio\/wp-json\/wp\/v2\/tags?post=27604"}],"curies":[{"name":"wp","href":"https:\/\/api.w.org\/{rel}","templated":true}]}}