{"id":2760,"date":"2020-12-08T19:41:17","date_gmt":"2020-12-08T19:41:17","guid":{"rendered":"https:\/\/www.elgrillitosuena.com\/inicio\/?p=2760"},"modified":"2020-12-08T20:36:06","modified_gmt":"2020-12-08T20:36:06","slug":"conoce-la-cartelera-cultural-de-diciembre","status":"publish","type":"post","link":"https:\/\/www.elgrillitosuena.com\/inicio\/noticias\/cultura\/conoce-la-cartelera-cultural-de-diciembre\/","title":{"rendered":"\u00a1Conoce la Cartelera Cultural de Diciembre!"},"content":{"rendered":"<p><img decoding=\"async\" loading=\"lazy\" class=\"wp-image-2768 size-full\" src=\"https:\/\/www.elgrillitosuena.com\/inicio\/wp-content\/uploads\/2020\/12\/A1Pastorela-1-scaled.jpg\" alt=\"\" width=\"2560\" height=\"2108\" srcset=\"https:\/\/www.elgrillitosuena.com\/inicio\/wp-content\/uploads\/2020\/12\/A1Pastorela-1-scaled.jpg 2560w, https:\/\/www.elgrillitosuena.com\/inicio\/wp-content\/uploads\/2020\/12\/A1Pastorela-1-300x247.jpg 300w, https:\/\/www.elgrillitosuena.com\/inicio\/wp-content\/uploads\/2020\/12\/A1Pastorela-1-1024x843.jpg 1024w, https:\/\/www.elgrillitosuena.com\/inicio\/wp-content\/uploads\/2020\/12\/A1Pastorela-1-768x632.jpg 768w, https:\/\/www.elgrillitosuena.com\/inicio\/wp-content\/uploads\/2020\/12\/A1Pastorela-1-1536x1265.jpg 1536w, https:\/\/www.elgrillitosuena.com\/inicio\/wp-content\/uploads\/2020\/12\/A1Pastorela-1-2048x1686.jpg 2048w\" sizes=\"(max-width: 2560px) 100vw, 2560px\" \/>Las Pastorelas son tradicionales, pues hacen referencia al nacimiento de Jesucristo para los Creyentes.<\/p>\n<p>URUAPAN MICH.- La Temporada mas bonita del a\u00f1o ha llegado, y es por ello que actores locales se unen para compartir la magia de esta Navidad.<\/p>\n<p>De origen religioso y de car\u00e1cter popular, las <strong>pastorelas<\/strong> son una tradici\u00f3n decembrina que narra las peripecias de un grupo de pastores rumbo a Bel\u00e9n para adorar al ni\u00f1o Jes\u00fas el d\u00eda de la Navidad, 25 de diciembre.<\/p>\n<p><img decoding=\"async\" loading=\"lazy\" class=\"alignnone size-full wp-image-2769\" src=\"https:\/\/www.elgrillitosuena.com\/inicio\/wp-content\/uploads\/2020\/12\/A1Pino-scaled.jpg\" alt=\"\" width=\"2560\" height=\"1707\" srcset=\"https:\/\/www.elgrillitosuena.com\/inicio\/wp-content\/uploads\/2020\/12\/A1Pino-scaled.jpg 2560w, https:\/\/www.elgrillitosuena.com\/inicio\/wp-content\/uploads\/2020\/12\/A1Pino-300x200.jpg 300w, https:\/\/www.elgrillitosuena.com\/inicio\/wp-content\/uploads\/2020\/12\/A1Pino-1024x683.jpg 1024w, https:\/\/www.elgrillitosuena.com\/inicio\/wp-content\/uploads\/2020\/12\/A1Pino-768x512.jpg 768w, https:\/\/www.elgrillitosuena.com\/inicio\/wp-content\/uploads\/2020\/12\/A1Pino-1536x1024.jpg 1536w, https:\/\/www.elgrillitosuena.com\/inicio\/wp-content\/uploads\/2020\/12\/A1Pino-2048x1365.jpg 2048w\" sizes=\"(max-width: 2560px) 100vw, 2560px\" \/><\/p>\n<p>\u00bfQuieres disfrutar de esta hermosa sensaci\u00f3n y magia de la Navidad?<\/p>\n<p>Te compartimos las carteleras de las obras de teatro que nos tienen preparados nuestros actores locales.<\/p>\n<p>&nbsp;<\/p>\n<p><img decoding=\"async\" loading=\"lazy\" class=\"alignnone size-full wp-image-2770\" src=\"https:\/\/www.elgrillitosuena.com\/inicio\/wp-content\/uploads\/2020\/12\/A1Cartelera.jpg\" alt=\"\" width=\"750\" height=\"1066\" srcset=\"https:\/\/www.elgrillitosuena.com\/inicio\/wp-content\/uploads\/2020\/12\/A1Cartelera.jpg 750w, https:\/\/www.elgrillitosuena.com\/inicio\/wp-content\/uploads\/2020\/12\/A1Cartelera-211x300.jpg 211w, https:\/\/www.elgrillitosuena.com\/inicio\/wp-content\/uploads\/2020\/12\/A1Cartelera-720x1024.jpg 720w\" sizes=\"(max-width: 750px) 100vw, 750px\" \/><\/p>\n<p>Una pastorela que viene a divertirte y pasar un buen rato es <strong>&#8220;El Portal de Bel\u00e9n&#8221;<\/strong>\u00a0el cual podr\u00e1s disfrutar en <strong>&#8220;La P\u00e9rgola&#8221;<\/strong> <strong>Arte-Gastronom\u00eda-Cultura<\/strong> con la participaci\u00f3n de <strong>zona de teatro<\/strong> quien dirige Abel Huanosto podr\u00e1s re\u00edr y disfrutar de esta gran obra que nos cuenta la historia de la llegada del hijo de dios, Jes\u00fas; (en comedia).<\/p>\n<p>Las fechas para que puedas asistir son: 14, 15, 16 y 17 de diciembre <strong>\u00a1No olvides tu cubrebocas!<\/strong><\/p>\n<p><img decoding=\"async\" loading=\"lazy\" class=\"alignnone size-full wp-image-2771\" src=\"https:\/\/www.elgrillitosuena.com\/inicio\/wp-content\/uploads\/2020\/12\/A2Cartelera.jpg\" alt=\"\" width=\"750\" height=\"1142\" srcset=\"https:\/\/www.elgrillitosuena.com\/inicio\/wp-content\/uploads\/2020\/12\/A2Cartelera.jpg 750w, https:\/\/www.elgrillitosuena.com\/inicio\/wp-content\/uploads\/2020\/12\/A2Cartelera-197x300.jpg 197w, https:\/\/www.elgrillitosuena.com\/inicio\/wp-content\/uploads\/2020\/12\/A2Cartelera-673x1024.jpg 673w\" sizes=\"(max-width: 750px) 100vw, 750px\" \/><\/p>\n<p>En esta temporada es muy habitual que haga much\u00edsimo fr\u00edo! pero en este 2020 se est\u00e1 sintiendo un poco m\u00e1s es por ello que <strong>&#8220;El Patio del Public House&#8221;<\/strong> realizar\u00e1 un festival de danza en el cual participar\u00e1 el estudio <strong>&#8220;Danz-Arte&#8221;<\/strong> y que por supuesto para su ingreso deber\u00e1s llevar <strong>una prenda para el fr\u00edo (que ya no ocupen y en buen estado)<\/strong> adem\u00e1s de usar tu <strong>cubrebocas<\/strong> recu\u00e9rdalo, y no olvides estos dos requisitos.<\/p>\n<p>La fecha para que puedas asistir es: 16 de diciembre <strong>\u00a1no olvides tu cubrebocas!<\/strong><\/p>\n<p><img decoding=\"async\" loading=\"lazy\" class=\"alignnone size-full wp-image-2772\" src=\"https:\/\/www.elgrillitosuena.com\/inicio\/wp-content\/uploads\/2020\/12\/A3Cartelera.jpg\" alt=\"\" width=\"750\" height=\"432\" srcset=\"https:\/\/www.elgrillitosuena.com\/inicio\/wp-content\/uploads\/2020\/12\/A3Cartelera.jpg 750w, https:\/\/www.elgrillitosuena.com\/inicio\/wp-content\/uploads\/2020\/12\/A3Cartelera-300x173.jpg 300w\" sizes=\"(max-width: 750px) 100vw, 750px\" \/><\/p>\n<p>Y para seguir nuestras celebraciones decembrinas no puede faltar la gran participaci\u00f3n del <strong>Grupo Teatral Circo<\/strong>, <strong>maroma y teatro de Uruapan<\/strong> quien nos viene a presentar su pastorela c\u00f3mica familiar <strong>Adeste Fideles<\/strong> la cual podr\u00e1s disfrutar en <strong>Public House<\/strong> y para hacerlo m\u00e1s interesante y entretenido <strong>no cover<\/strong><\/p>\n<p>La fecha para que puedas asistir es: 13 de diciembre <strong>\u00a1No olvides tu cubrebocas!<\/strong><\/p>\n<p>&nbsp;<\/p>\n","protected":false},"excerpt":{"rendered":"<p>Las Pastorelas son tradicionales, pues hacen referencia al nacimiento de Jesucristo para los Creyentes. URUAPAN MICH.- La Temporada mas bonita del a\u00f1o ha llegado, y es por ello que actores locales se unen para compartir la magia de esta Navidad. De origen religioso y de car\u00e1cter popular, las pastorelas son una tradici\u00f3n decembrina que narra &hellip;<\/p>\n","protected":false},"author":2,"featured_media":2768,"comment_status":"open","ping_status":"closed","sticky":false,"template":"","format":"standard","meta":[],"categories":[43],"tags":[477,631,476,681,682,63],"_links":{"self":[{"href":"https:\/\/www.elgrillitosuena.com\/inicio\/wp-json\/wp\/v2\/posts\/2760"}],"collection":[{"href":"https:\/\/www.elgrillitosuena.com\/inicio\/wp-json\/wp\/v2\/posts"}],"about":[{"href":"https:\/\/www.elgrillitosuena.com\/inicio\/wp-json\/wp\/v2\/types\/post"}],"author":[{"embeddable":true,"href":"https:\/\/www.elgrillitosuena.com\/inicio\/wp-json\/wp\/v2\/users\/2"}],"replies":[{"embeddable":true,"href":"https:\/\/www.elgrillitosuena.com\/inicio\/wp-json\/wp\/v2\/comments?post=2760"}],"version-history":[{"count":8,"href":"https:\/\/www.elgrillitosuena.com\/inicio\/wp-json\/wp\/v2\/posts\/2760\/revisions"}],"predecessor-version":[{"id":2780,"href":"https:\/\/www.elgrillitosuena.com\/inicio\/wp-json\/wp\/v2\/posts\/2760\/revisions\/2780"}],"wp:featuredmedia":[{"embeddable":true,"href":"https:\/\/www.elgrillitosuena.com\/inicio\/wp-json\/wp\/v2\/media\/2768"}],"wp:attachment":[{"href":"https:\/\/www.elgrillitosuena.com\/inicio\/wp-json\/wp\/v2\/media?parent=2760"}],"wp:term":[{"taxonomy":"category","embeddable":true,"href":"https:\/\/www.elgrillitosuena.com\/inicio\/wp-json\/wp\/v2\/categories?post=2760"},{"taxonomy":"post_tag","embeddable":true,"href":"https:\/\/www.elgrillitosuena.com\/inicio\/wp-json\/wp\/v2\/tags?post=2760"}],"curies":[{"name":"wp","href":"https:\/\/api.w.org\/{rel}","templated":true}]}}