{"id":27594,"date":"2024-09-03T19:12:16","date_gmt":"2024-09-03T19:12:16","guid":{"rendered":"https:\/\/www.elgrillitosuena.com\/inicio\/?p=27594"},"modified":"2024-09-03T19:12:16","modified_gmt":"2024-09-03T19:12:16","slug":"maduro-adelantara-la-navidad-en-venezuela-para-el-1-de-octubre","status":"publish","type":"post","link":"https:\/\/www.elgrillitosuena.com\/inicio\/noticias\/mundo\/maduro-adelantara-la-navidad-en-venezuela-para-el-1-de-octubre\/","title":{"rendered":"Maduro adelantar\u00e1 la Navidad en Venezuela para el 1 de octubre"},"content":{"rendered":"<p><img decoding=\"async\" loading=\"lazy\" class=\"alignnone  wp-image-27599\" src=\"https:\/\/www.elgrillitosuena.com\/inicio\/wp-content\/uploads\/2024\/09\/Diseno-sin-titulo-5-300x200.png\" alt=\"\" width=\"692\" height=\"461\" srcset=\"https:\/\/www.elgrillitosuena.com\/inicio\/wp-content\/uploads\/2024\/09\/Diseno-sin-titulo-5-300x200.png 300w, https:\/\/www.elgrillitosuena.com\/inicio\/wp-content\/uploads\/2024\/09\/Diseno-sin-titulo-5-1024x683.png 1024w, https:\/\/www.elgrillitosuena.com\/inicio\/wp-content\/uploads\/2024\/09\/Diseno-sin-titulo-5-768x512.png 768w, https:\/\/www.elgrillitosuena.com\/inicio\/wp-content\/uploads\/2024\/09\/Diseno-sin-titulo-5-1536x1024.png 1536w, https:\/\/www.elgrillitosuena.com\/inicio\/wp-content\/uploads\/2024\/09\/Diseno-sin-titulo-5-2048x1365.png 2048w\" sizes=\"(max-width: 692px) 100vw, 692px\" \/><\/p>\n<p>El presidente de Venezuela, Nicol\u00e1s Maduro, anunci\u00f3 este lunes que las celebraciones navide\u00f1as en el pa\u00eds comenzar\u00e1n oficialmente el 1 de octubre. Esta decisi\u00f3n se dio a conocer en medio de una crisis pol\u00edtica y tras la orden de arresto emitida por la Fiscal\u00eda contra el candidato opositor Edmundo Gonz\u00e1lez Urrutia, acusado de delitos relacionados con el terrorismo.<\/p>\n<blockquote><p>&#8220;En su programa de televisi\u00f3n, Maduro declar\u00f3: \u201cEs septiembre y ya huele a Navidad, huele a Navidad. Y por eso este a\u00f1o, en homenaje a ustedes, en agradecimiento a ustedes, voy a decretar el adelanto de la Navidad para el 1 de octubre&#8221;.<\/p><\/blockquote>\n<p>El l\u00edder venezolano se dirigi\u00f3 a sus seguidores<strong>\u00a0recordando el apag\u00f3n masivo que el pasado viernes afect\u00f3 a cerca del 80% del pa\u00eds.<\/strong>\u00a0Las autoridades atribuyeron la interrupci\u00f3n del servicio el\u00e9ctrico a un supuesto sabotaje dirigido por sus oponentes desde el exterior.<\/p>\n<p>Maduro afirm\u00f3: \u201cEl ataque criminal el\u00e9ctrico par\u00f3 la econom\u00eda. No pudieron. La gente sigui\u00f3 trabajando, laborando, y con el apoyo de la clase obrera, en uni\u00f3n c\u00edvico-militar-policial perfecta, garantizamos la paz absoluta. La recuperaci\u00f3n, en tiempo r\u00e9cord, de uno de los golpes m\u00e1s mort\u00edferos que se han pretendido en la historia contra el sistema de generaci\u00f3n el\u00e9ctrica\u201d.<\/p>\n<p>Reiterando el anuncio, Maduro enfatiz\u00f3: \u201cArranca la Navidad el 1 de octubre. Para todos y todas, lleg\u00f3 la Navidad, con paz, felicidad y seguridad\u201d. Cabe destacar que, en los a\u00f1os previos, el gobierno chavista ha intensificado la entrega de ayudas y alimentos en las comunidades m\u00e1s vulnerables\u00a0<strong>durante las semanas anteriores a las festividades navide\u00f1as.<\/strong><\/p>\n<p>Esto incluye los populares perniles, que han sido un elemento central en las cajas distribuidas por los Comit\u00e9s Locales de Abastecimiento y Producci\u00f3n (CLAP), especialmente durante los peores momentos de la crisis econ\u00f3mica.<\/p>\n<p>El adelanto de las festividades navide\u00f1as no es una novedad en la gesti\u00f3n de Maduro. En 2020, el presidente decret\u00f3 el inicio de la Navidad para el 15 de octubre, y al a\u00f1o siguiente lo adelant\u00f3 a\u00fan m\u00e1s, al 4 de octubre. Esta medida coincide con la cercan\u00eda de su toma de posesi\u00f3n para un tercer mandato, prevista para el 10 de enero, despu\u00e9s de las Navidades.<\/p>\n<p>El nuevo ciclo pol\u00edtico est\u00e1 basado en los resultados de las elecciones del 28 de julio, seg\u00fan el Consejo Nacional Electoral. No obstante, la oposici\u00f3n, liderada por Mar\u00eda Corina Machado y Gonz\u00e1lez Urrutia, rechaza categ\u00f3ricamente estos resultados y asegura que no coinciden con las actas recopiladas por sus representantes en las mesas electorales.<\/p>\n","protected":false},"excerpt":{"rendered":"<p>El presidente de Venezuela, Nicol\u00e1s Maduro, anunci\u00f3 este lunes que las celebraciones navide\u00f1as en el pa\u00eds comenzar\u00e1n oficialmente el 1 de octubre. Esta decisi\u00f3n se dio a conocer en medio de una crisis pol\u00edtica y tras la orden de arresto emitida por la Fiscal\u00eda contra el candidato opositor Edmundo Gonz\u00e1lez Urrutia, acusado de delitos relacionados &hellip;<\/p>\n","protected":false},"author":2,"featured_media":27599,"comment_status":"open","ping_status":"closed","sticky":false,"template":"","format":"standard","meta":[],"categories":[40],"tags":[6649,1196],"_links":{"self":[{"href":"https:\/\/www.elgrillitosuena.com\/inicio\/wp-json\/wp\/v2\/posts\/27594"}],"collection":[{"href":"https:\/\/www.elgrillitosuena.com\/inicio\/wp-json\/wp\/v2\/posts"}],"about":[{"href":"https:\/\/www.elgrillitosuena.com\/inicio\/wp-json\/wp\/v2\/types\/post"}],"author":[{"embeddable":true,"href":"https:\/\/www.elgrillitosuena.com\/inicio\/wp-json\/wp\/v2\/users\/2"}],"replies":[{"embeddable":true,"href":"https:\/\/www.elgrillitosuena.com\/inicio\/wp-json\/wp\/v2\/comments?post=27594"}],"version-history":[{"count":1,"href":"https:\/\/www.elgrillitosuena.com\/inicio\/wp-json\/wp\/v2\/posts\/27594\/revisions"}],"predecessor-version":[{"id":27600,"href":"https:\/\/www.elgrillitosuena.com\/inicio\/wp-json\/wp\/v2\/posts\/27594\/revisions\/27600"}],"wp:featuredmedia":[{"embeddable":true,"href":"https:\/\/www.elgrillitosuena.com\/inicio\/wp-json\/wp\/v2\/media\/27599"}],"wp:attachment":[{"href":"https:\/\/www.elgrillitosuena.com\/inicio\/wp-json\/wp\/v2\/media?parent=27594"}],"wp:term":[{"taxonomy":"category","embeddable":true,"href":"https:\/\/www.elgrillitosuena.com\/inicio\/wp-json\/wp\/v2\/categories?post=27594"},{"taxonomy":"post_tag","embeddable":true,"href":"https:\/\/www.elgrillitosuena.com\/inicio\/wp-json\/wp\/v2\/tags?post=27594"}],"curies":[{"name":"wp","href":"https:\/\/api.w.org\/{rel}","templated":true}]}}