{"id":27559,"date":"2024-09-02T18:27:54","date_gmt":"2024-09-02T18:27:54","guid":{"rendered":"https:\/\/www.elgrillitosuena.com\/inicio\/?p=27559"},"modified":"2024-09-02T18:27:54","modified_gmt":"2024-09-02T18:27:54","slug":"ken-salazar-y-eu-han-sido-prudentes-al-no-hablar-mas-de-la-reforma-judicial-lopez-obrador","status":"publish","type":"post","link":"https:\/\/www.elgrillitosuena.com\/inicio\/noticias\/mexico\/ken-salazar-y-eu-han-sido-prudentes-al-no-hablar-mas-de-la-reforma-judicial-lopez-obrador\/","title":{"rendered":"Ken Salazar y EU han sido prudentes al no hablar m\u00e1s de la reforma judicial: L\u00f3pez Obrador"},"content":{"rendered":"<p><img decoding=\"async\" loading=\"lazy\" class=\"alignnone  wp-image-27560\" src=\"https:\/\/www.elgrillitosuena.com\/inicio\/wp-content\/uploads\/2024\/09\/reunion-amlo-ken-salazar-reforma-poder-judicial-300x169.jpeg\" alt=\"\" width=\"651\" height=\"367\" srcset=\"https:\/\/www.elgrillitosuena.com\/inicio\/wp-content\/uploads\/2024\/09\/reunion-amlo-ken-salazar-reforma-poder-judicial-300x169.jpeg 300w, https:\/\/www.elgrillitosuena.com\/inicio\/wp-content\/uploads\/2024\/09\/reunion-amlo-ken-salazar-reforma-poder-judicial-1024x576.jpeg 1024w, https:\/\/www.elgrillitosuena.com\/inicio\/wp-content\/uploads\/2024\/09\/reunion-amlo-ken-salazar-reforma-poder-judicial-768x432.jpeg 768w, https:\/\/www.elgrillitosuena.com\/inicio\/wp-content\/uploads\/2024\/09\/reunion-amlo-ken-salazar-reforma-poder-judicial-1536x864.jpeg 1536w, https:\/\/www.elgrillitosuena.com\/inicio\/wp-content\/uploads\/2024\/09\/reunion-amlo-ken-salazar-reforma-poder-judicial.jpeg 1920w\" sizes=\"(max-width: 651px) 100vw, 651px\" \/><\/p>\n<p>Despu\u00e9s de las tensiones que se dieron hace algunos d\u00edas entre el gobierno federal y el embajador de Estados Unidos en M\u00e9xico, Ken Salazar, el presidente de M\u00e9xico, Andr\u00e9s Manuel L\u00f3pez Obrador celebr\u00f3 que tanto el diplom\u00e1tico como el gobierno del vecino pa\u00eds ya no est\u00e9n opinando sobre la reforma al Poder Judicial.<\/p>\n<p>En este contexto, el mandatario extern\u00f3 que el silencio sobre el tema es un acto de prudencia de parte del embajador originario de Texas, luego de que hace d\u00edas causaron revuelo sus palabras en torno a la reforma ya antes mencionada.<\/p>\n<p>Del mismo modo, el jefe de Estado declar\u00f3 que de igual forma el hecho de que el gobierno estadunidense ya no haga menci\u00f3n de la iniciativa para \u00e9l es un signo de ser \u201cuna pol\u00edtica de responsabilidad&#8221;, que enriquece la relaci\u00f3n entre ambas naciones.<\/p>\n<blockquote><p>&#8220;Pues no ha habido comunicaci\u00f3n, pero no est\u00e1n rotas las relaciones, creo que el hecho de que ellos ya no est\u00e9n opinando sobre el tema de la reforma judicial en M\u00e9xico, lo veo como una pol\u00edtica de responsabilidad, de prudencia, porque en efecto, no ha pasado como una semana y no hay declaraciones sobre el tema y nosotros celebramos eso&#8221;, apunt\u00f3.<\/p><\/blockquote>\n<p>Aunado a lo anterior y fiel a su estilo, el tabasque\u00f1o reiter\u00f3 que se ha dejado claro que ning\u00fan pa\u00eds extranjero de cualquier signo pol\u00edtico o ideol\u00f3gico puede interferir en los asuntos que solo corresponden a los mexicanos.<\/p>\n<p>Cabe recordar que apenas la semana pasada, L\u00f3pez Obrador anunci\u00f3 que paus\u00f3 las relaciones con las embajadas tanto de Estados Unidos como de Canad\u00e1 por las declaraciones de sus embajadores en torno a la reforma del Poder Judicial.<\/p>\n","protected":false},"excerpt":{"rendered":"<p>Despu\u00e9s de las tensiones que se dieron hace algunos d\u00edas entre el gobierno federal y el embajador de Estados Unidos en M\u00e9xico, Ken Salazar, el presidente de M\u00e9xico, Andr\u00e9s Manuel L\u00f3pez Obrador celebr\u00f3 que tanto el diplom\u00e1tico como el gobierno del vecino pa\u00eds ya no est\u00e9n opinando sobre la reforma al Poder Judicial. En este &hellip;<\/p>\n","protected":false},"author":2,"featured_media":27560,"comment_status":"open","ping_status":"closed","sticky":false,"template":"","format":"standard","meta":[],"categories":[39],"tags":[98,230,2537,156],"_links":{"self":[{"href":"https:\/\/www.elgrillitosuena.com\/inicio\/wp-json\/wp\/v2\/posts\/27559"}],"collection":[{"href":"https:\/\/www.elgrillitosuena.com\/inicio\/wp-json\/wp\/v2\/posts"}],"about":[{"href":"https:\/\/www.elgrillitosuena.com\/inicio\/wp-json\/wp\/v2\/types\/post"}],"author":[{"embeddable":true,"href":"https:\/\/www.elgrillitosuena.com\/inicio\/wp-json\/wp\/v2\/users\/2"}],"replies":[{"embeddable":true,"href":"https:\/\/www.elgrillitosuena.com\/inicio\/wp-json\/wp\/v2\/comments?post=27559"}],"version-history":[{"count":1,"href":"https:\/\/www.elgrillitosuena.com\/inicio\/wp-json\/wp\/v2\/posts\/27559\/revisions"}],"predecessor-version":[{"id":27561,"href":"https:\/\/www.elgrillitosuena.com\/inicio\/wp-json\/wp\/v2\/posts\/27559\/revisions\/27561"}],"wp:featuredmedia":[{"embeddable":true,"href":"https:\/\/www.elgrillitosuena.com\/inicio\/wp-json\/wp\/v2\/media\/27560"}],"wp:attachment":[{"href":"https:\/\/www.elgrillitosuena.com\/inicio\/wp-json\/wp\/v2\/media?parent=27559"}],"wp:term":[{"taxonomy":"category","embeddable":true,"href":"https:\/\/www.elgrillitosuena.com\/inicio\/wp-json\/wp\/v2\/categories?post=27559"},{"taxonomy":"post_tag","embeddable":true,"href":"https:\/\/www.elgrillitosuena.com\/inicio\/wp-json\/wp\/v2\/tags?post=27559"}],"curies":[{"name":"wp","href":"https:\/\/api.w.org\/{rel}","templated":true}]}}