{"id":27473,"date":"2024-08-26T22:16:47","date_gmt":"2024-08-26T22:16:47","guid":{"rendered":"https:\/\/www.elgrillitosuena.com\/inicio\/?p=27473"},"modified":"2024-08-26T22:16:47","modified_gmt":"2024-08-26T22:16:47","slug":"lopez-obrador-descarta-tratar-reforma-judicial-con-embajador-de-eu-ken-salazar","status":"publish","type":"post","link":"https:\/\/www.elgrillitosuena.com\/inicio\/noticias\/mexico\/lopez-obrador-descarta-tratar-reforma-judicial-con-embajador-de-eu-ken-salazar\/","title":{"rendered":"L\u00f3pez Obrador descarta tratar reforma judicial con embajador de EU, Ken Salazar"},"content":{"rendered":"<p><img decoding=\"async\" loading=\"lazy\" class=\"alignnone  wp-image-27474\" src=\"https:\/\/www.elgrillitosuena.com\/inicio\/wp-content\/uploads\/2024\/08\/reunion-amlo-ken-salazar-reforma-poder-judicial-300x169.jpeg\" alt=\"\" width=\"689\" height=\"388\" srcset=\"https:\/\/www.elgrillitosuena.com\/inicio\/wp-content\/uploads\/2024\/08\/reunion-amlo-ken-salazar-reforma-poder-judicial-300x169.jpeg 300w, https:\/\/www.elgrillitosuena.com\/inicio\/wp-content\/uploads\/2024\/08\/reunion-amlo-ken-salazar-reforma-poder-judicial-1024x576.jpeg 1024w, https:\/\/www.elgrillitosuena.com\/inicio\/wp-content\/uploads\/2024\/08\/reunion-amlo-ken-salazar-reforma-poder-judicial-768x432.jpeg 768w, https:\/\/www.elgrillitosuena.com\/inicio\/wp-content\/uploads\/2024\/08\/reunion-amlo-ken-salazar-reforma-poder-judicial-1536x864.jpeg 1536w, https:\/\/www.elgrillitosuena.com\/inicio\/wp-content\/uploads\/2024\/08\/reunion-amlo-ken-salazar-reforma-poder-judicial.jpeg 1920w\" sizes=\"(max-width: 689px) 100vw, 689px\" \/><\/p>\n<p>El presidente de M\u00e9xico, Andr\u00e9s Manuel L\u00f3pez Obrador, reaccion\u00f3 a las recientes declaraciones del embajador de los Estados Unidos en M\u00e9xico,\u00a0Ken Salazar, sobre la reforma al Poder Judicial.<\/p>\n<p>En este sentido, el mandatario refiri\u00f3 que\u00a0<strong>respeta el punto de vista del diplom\u00e1tico<\/strong>, sin embargo, dej\u00f3 en claro que no se reunir\u00e1 con el estadunidense para ahondar m\u00e1s en el tema de la reforma, ya que esos asuntos s\u00f3lo le competen a los mexicanos.<\/p>\n<p>En este contexto, el jefe de Estado explic\u00f3 que no existe divisi\u00f3n alguna con el embajador, pues apunt\u00f3 que los di\u00e1logos seguir\u00e1n como hasta ahora en total cordialidad por el bien de ambas naciones.<\/p>\n<blockquote><p>&#8220;Di\u00e1logo siempre tiene que haber, el asunto es que los temas relacionados con M\u00e9xico, nos corresponden a nosotros. No puede venir ning\u00fan gobierno extranjero a tratar asuntos que s\u00f3lo corresponden a los mexicanos&#8221;, enfatiz\u00f3 el presidente.<\/p><\/blockquote>\n<p>Aunado a lo anterior, el originario de\u00a0Tabasco\u00a0indic\u00f3 que as\u00ed como \u00e9l no se involucra en la venta de armamentos en Estados Unidos, espera que el pa\u00eds vecino\u00a0<strong>haga lo mismo con determinaciones y leyes mexicanas.<\/strong><\/p>\n<h2><strong>Un tratado no implica injerencia<\/strong><\/h2>\n<p>El presidente L\u00f3pez Obrador explic\u00f3 que a pesar de tener un tratado comercial con\u00a0Estados Unidos, eso no implica que gobiernos extranjeros puedan tener injerencia en asuntos de car\u00e1cter nacional.<\/p>\n<blockquote><p>El tratado no es para que nosotros cedamos nuestra soberan\u00eda, el tratado es comercial, es para tener una buena relaci\u00f3n econ\u00f3mica-comercial que nos conviene a las dos naciones. Pero no es para que M\u00e9xico se convierta en un ap\u00e9ndice, en una colonia, en un estado asociado\u201d, finaliz\u00f3 el tema el tabasque\u00f1o.<\/p><\/blockquote>\n","protected":false},"excerpt":{"rendered":"<p>El presidente de M\u00e9xico, Andr\u00e9s Manuel L\u00f3pez Obrador, reaccion\u00f3 a las recientes declaraciones del embajador de los Estados Unidos en M\u00e9xico,\u00a0Ken Salazar, sobre la reforma al Poder Judicial. En este sentido, el mandatario refiri\u00f3 que\u00a0respeta el punto de vista del diplom\u00e1tico, sin embargo, dej\u00f3 en claro que no se reunir\u00e1 con el estadunidense para ahondar &hellip;<\/p>\n","protected":false},"author":2,"featured_media":27474,"comment_status":"open","ping_status":"closed","sticky":false,"template":"","format":"standard","meta":[],"categories":[39],"tags":[243,2537,156],"_links":{"self":[{"href":"https:\/\/www.elgrillitosuena.com\/inicio\/wp-json\/wp\/v2\/posts\/27473"}],"collection":[{"href":"https:\/\/www.elgrillitosuena.com\/inicio\/wp-json\/wp\/v2\/posts"}],"about":[{"href":"https:\/\/www.elgrillitosuena.com\/inicio\/wp-json\/wp\/v2\/types\/post"}],"author":[{"embeddable":true,"href":"https:\/\/www.elgrillitosuena.com\/inicio\/wp-json\/wp\/v2\/users\/2"}],"replies":[{"embeddable":true,"href":"https:\/\/www.elgrillitosuena.com\/inicio\/wp-json\/wp\/v2\/comments?post=27473"}],"version-history":[{"count":1,"href":"https:\/\/www.elgrillitosuena.com\/inicio\/wp-json\/wp\/v2\/posts\/27473\/revisions"}],"predecessor-version":[{"id":27475,"href":"https:\/\/www.elgrillitosuena.com\/inicio\/wp-json\/wp\/v2\/posts\/27473\/revisions\/27475"}],"wp:featuredmedia":[{"embeddable":true,"href":"https:\/\/www.elgrillitosuena.com\/inicio\/wp-json\/wp\/v2\/media\/27474"}],"wp:attachment":[{"href":"https:\/\/www.elgrillitosuena.com\/inicio\/wp-json\/wp\/v2\/media?parent=27473"}],"wp:term":[{"taxonomy":"category","embeddable":true,"href":"https:\/\/www.elgrillitosuena.com\/inicio\/wp-json\/wp\/v2\/categories?post=27473"},{"taxonomy":"post_tag","embeddable":true,"href":"https:\/\/www.elgrillitosuena.com\/inicio\/wp-json\/wp\/v2\/tags?post=27473"}],"curies":[{"name":"wp","href":"https:\/\/api.w.org\/{rel}","templated":true}]}}