{"id":27467,"date":"2024-08-26T22:00:58","date_gmt":"2024-08-26T22:00:58","guid":{"rendered":"https:\/\/www.elgrillitosuena.com\/inicio\/?p=27467"},"modified":"2024-08-26T22:00:58","modified_gmt":"2024-08-26T22:00:58","slug":"debate-entre-harris-y-trump-en-entredicho-por-comentarios-del-republicano","status":"publish","type":"post","link":"https:\/\/www.elgrillitosuena.com\/inicio\/noticias\/mundo\/debate-entre-harris-y-trump-en-entredicho-por-comentarios-del-republicano\/","title":{"rendered":"Debate entre Harris y Trump en entredicho por comentarios del republicano"},"content":{"rendered":"<p><img decoding=\"async\" loading=\"lazy\" class=\" wp-image-27468\" src=\"https:\/\/www.elgrillitosuena.com\/inicio\/wp-content\/uploads\/2024\/08\/2024-08-01T002433Z_766447394_RC2O69ATFR4W_RTRMADP_3_USA-ELECTION-HARRIS-1024x620-1-300x182.jpg\" alt=\"\" width=\"697\" height=\"423\" srcset=\"https:\/\/www.elgrillitosuena.com\/inicio\/wp-content\/uploads\/2024\/08\/2024-08-01T002433Z_766447394_RC2O69ATFR4W_RTRMADP_3_USA-ELECTION-HARRIS-1024x620-1-300x182.jpg 300w, https:\/\/www.elgrillitosuena.com\/inicio\/wp-content\/uploads\/2024\/08\/2024-08-01T002433Z_766447394_RC2O69ATFR4W_RTRMADP_3_USA-ELECTION-HARRIS-1024x620-1-768x465.jpg 768w, https:\/\/www.elgrillitosuena.com\/inicio\/wp-content\/uploads\/2024\/08\/2024-08-01T002433Z_766447394_RC2O69ATFR4W_RTRMADP_3_USA-ELECTION-HARRIS-1024x620-1.jpg 1024w\" sizes=\"(max-width: 697px) 100vw, 697px\" \/><\/p>\n<p>El candidato republicano a las elecciones presidenciales de noviembre en Estados Unidos\u00a0<strong>Donald Trump<\/strong>\u00a0sembr\u00f3 la duda sobre su participaci\u00f3n en un debate con la dem\u00f3crata\u00a0<strong>Kamala Harris\u00a0<\/strong>el pr\u00f3ximo 10 de septiembre.<\/p>\n<p>El domingo, en su plataforma Truth Social,\u00a0<strong>Trump<\/strong>\u00a0acus\u00f3 a la cadena ABC de parcialidad y escribi\u00f3: &#8220;Me pregunto, \u00bfpor qu\u00e9 har\u00eda el debate contra Kamala Harris en esa cadena?&#8221;.<\/p>\n<p>En un comunicado este lunes, el equipo de campa\u00f1a de la vicepresidenta afirm\u00f3 que las discrepancias con los asesores del candidato republicano se deben a la gesti\u00f3n de los micr\u00f3fonos.<\/p>\n<blockquote><p>Creemos que los micr\u00f3fonos de ambos candidatos deber\u00edan estar abiertos durante todo el debate. Estimamos que los asesores de Trump prefieren el micr\u00f3fono silenciado porque no creen que su candidato pueda actuar (de forma) presidencial durante 90 minutos&#8221;, declar\u00f3 Brian Fallon, uno de los asesores del Harris.<\/p><\/blockquote>\n<h2>CNN y el episodio Trump-Biden<\/h2>\n<p>Durante el debate del 27 de junio en la CNN entre<strong>\u00a0Donald Trump<\/strong>\u00a0y\u00a0<strong>Jo<\/strong><strong>e<\/strong><strong> Biden,<\/strong>\u00a0todav\u00eda candidato del Partido Dem\u00f3crata, se cort\u00f3 el micr\u00f3fono de cada candidato cuando no le correspond\u00eda hablar a petici\u00f3n del presidente de 81 a\u00f1os.<\/p>\n<p>Pero, seg\u00fan el sitio web Politico, Kamala Harris, quien le sustituy\u00f3 en la carrera hacia la Casa Blanca, prefiere que los micr\u00f3fonos est\u00e9n abiertos todo el tiempo, como suele ser el caso en los debates presidenciales, porque su rival tiene tendencia a las invectivas y las interrupciones inoportunas.<\/p>\n<p>El calamitoso desempe\u00f1o de Joe Biden termin\u00f3 de condenar una candidatura que ya arrastraba resultados flojos en las encuestas.<\/p>\n<p><strong>Kamala Harris\u00a0<\/strong>cuenta con una ligera ventaja en los sondeos pero debe mantener su impulso y ampliar distancias con Donald Trump antes de los comicios de noviembre.<\/p>\n","protected":false},"excerpt":{"rendered":"<p>El candidato republicano a las elecciones presidenciales de noviembre en Estados Unidos\u00a0Donald Trump\u00a0sembr\u00f3 la duda sobre su participaci\u00f3n en un debate con la dem\u00f3crata\u00a0Kamala Harris\u00a0el pr\u00f3ximo 10 de septiembre. El domingo, en su plataforma Truth Social,\u00a0Trump\u00a0acus\u00f3 a la cadena ABC de parcialidad y escribi\u00f3: &#8220;Me pregunto, \u00bfpor qu\u00e9 har\u00eda el debate contra Kamala Harris en &hellip;<\/p>\n","protected":false},"author":2,"featured_media":27468,"comment_status":"open","ping_status":"closed","sticky":false,"template":"","format":"standard","meta":[],"categories":[40],"tags":[231,6643],"_links":{"self":[{"href":"https:\/\/www.elgrillitosuena.com\/inicio\/wp-json\/wp\/v2\/posts\/27467"}],"collection":[{"href":"https:\/\/www.elgrillitosuena.com\/inicio\/wp-json\/wp\/v2\/posts"}],"about":[{"href":"https:\/\/www.elgrillitosuena.com\/inicio\/wp-json\/wp\/v2\/types\/post"}],"author":[{"embeddable":true,"href":"https:\/\/www.elgrillitosuena.com\/inicio\/wp-json\/wp\/v2\/users\/2"}],"replies":[{"embeddable":true,"href":"https:\/\/www.elgrillitosuena.com\/inicio\/wp-json\/wp\/v2\/comments?post=27467"}],"version-history":[{"count":1,"href":"https:\/\/www.elgrillitosuena.com\/inicio\/wp-json\/wp\/v2\/posts\/27467\/revisions"}],"predecessor-version":[{"id":27469,"href":"https:\/\/www.elgrillitosuena.com\/inicio\/wp-json\/wp\/v2\/posts\/27467\/revisions\/27469"}],"wp:featuredmedia":[{"embeddable":true,"href":"https:\/\/www.elgrillitosuena.com\/inicio\/wp-json\/wp\/v2\/media\/27468"}],"wp:attachment":[{"href":"https:\/\/www.elgrillitosuena.com\/inicio\/wp-json\/wp\/v2\/media?parent=27467"}],"wp:term":[{"taxonomy":"category","embeddable":true,"href":"https:\/\/www.elgrillitosuena.com\/inicio\/wp-json\/wp\/v2\/categories?post=27467"},{"taxonomy":"post_tag","embeddable":true,"href":"https:\/\/www.elgrillitosuena.com\/inicio\/wp-json\/wp\/v2\/tags?post=27467"}],"curies":[{"name":"wp","href":"https:\/\/api.w.org\/{rel}","templated":true}]}}