{"id":27411,"date":"2024-08-23T19:51:20","date_gmt":"2024-08-23T19:51:20","guid":{"rendered":"https:\/\/www.elgrillitosuena.com\/inicio\/?p=27411"},"modified":"2024-08-23T19:51:20","modified_gmt":"2024-08-23T19:51:20","slug":"checo-perez-ya-tiene-quien-lo-defienda-en-red-bull","status":"publish","type":"post","link":"https:\/\/www.elgrillitosuena.com\/inicio\/noticias\/deportes\/checo-perez-ya-tiene-quien-lo-defienda-en-red-bull\/","title":{"rendered":"\u2018Checo\u2019 P\u00e9rez ya tiene qui\u00e9n lo defienda en Red Bull"},"content":{"rendered":"<p><img decoding=\"async\" loading=\"lazy\" class=\"alignnone  wp-image-27412\" src=\"https:\/\/www.elgrillitosuena.com\/inicio\/wp-content\/uploads\/2024\/08\/13-CHECO-PEREZ-scaled-1-300x240.jpg\" alt=\"\" width=\"689\" height=\"551\" srcset=\"https:\/\/www.elgrillitosuena.com\/inicio\/wp-content\/uploads\/2024\/08\/13-CHECO-PEREZ-scaled-1-300x240.jpg 300w, https:\/\/www.elgrillitosuena.com\/inicio\/wp-content\/uploads\/2024\/08\/13-CHECO-PEREZ-scaled-1-1024x819.jpg 1024w, https:\/\/www.elgrillitosuena.com\/inicio\/wp-content\/uploads\/2024\/08\/13-CHECO-PEREZ-scaled-1-768x614.jpg 768w, https:\/\/www.elgrillitosuena.com\/inicio\/wp-content\/uploads\/2024\/08\/13-CHECO-PEREZ-scaled-1-1536x1229.jpg 1536w, https:\/\/www.elgrillitosuena.com\/inicio\/wp-content\/uploads\/2024\/08\/13-CHECO-PEREZ-scaled-1-2048x1638.jpg 2048w\" sizes=\"(max-width: 689px) 100vw, 689px\" \/><\/p>\n<p>En Red Bull, Sergio \u2018Checo\u2019 P\u00e9rez ya tiene un defensor que le hace frente a las cr\u00edticas que se le vierten al mexicano por sus malos resultados en las \u00faltimas carreras en la F\u00f3rmula Uno. Christian Horner, director de la escuder\u00eda, confi\u00f3 en que el tapat\u00edo recupere su nivel y le dar\u00e1n todo su apoyo para que as\u00ed sea.<\/p>\n<blockquote><p>\u201cSon muy r\u00e1pidos para condenar a Sergio. Estamos haciendo todo lo posible para darle la oportunidad de redescubrir ese rendimiento. Y ya sabes, tiene que hacer frente a toda la presi\u00f3n, los medios de comunicaci\u00f3n, las redes sociales. Y creo que es un piloto capaz de recuperarse, y le estamos dando todo nuestro apoyo, y queremos verlo responder\u201d, mencion\u00f3 Horner en una entrevista con Sky Sports F1 del Reino Unido.<\/p><\/blockquote>\n<p>Previamente, el director de Red Bull fue cuestionado sobre las especulaciones que se hac\u00edan, sobre que Daniel Ricciardo ocupar\u00eda el puesto del mexicano, a lo que Christian Horner respondi\u00f3 tajantemente que tienen a los dos mejores pilotos que creen para el RB20.<\/p>\n<blockquote><p>\u201cTenemos los dos mejores pilotos que creemos en este coche. Tenemos todos los datos de todos los pilotos. As\u00ed que tenemos esa informaci\u00f3n, y si sinti\u00e9ramos que hay algo mejor, ya lo habr\u00edamos cambiado. As\u00ed que, ya sabes, creemos que lo que tenemos es capaz de defender el campeonato. (La dupla Verstappen-P\u00e9rez) termin\u00f3 primero y segundo en el campeonato del a\u00f1o pasado, termin\u00f3 primero y tercero en el a\u00f1o anterior. Y, obviamente, gan\u00f3 en 2021 tambi\u00e9n\u201d, afirm\u00f3.<\/p><\/blockquote>\n<p>Horner reiter\u00f3 que necesitan a ambos autos funcionando bien porque la competencia se apret\u00f3. El director de la escuder\u00eda tuvo un momento \u201ctenso\u201d con una de las periodistas, quien le pregunt\u00f3 el por qu\u00e9 le ha dado m\u00e1s tiempo a\u00a0<strong>\u2018Checo\u2019 P\u00e9rez<\/strong>.<\/p>\n<p>\u201cCreo que sabemos de lo que es capaz\u00a0<em>Checo<\/em>. Sabemos que el comienzo del a\u00f1o anot\u00f3 cuatro podios en cinco carreras. Creo que ha tenido una falta de confianza y ha terminado en una espiral. Creo que se ha reseteado un poco, espero, durante las vacaciones de verano, sabemos que hay pistas en las que ha ganado. As\u00ed que de las cuatro carreras que quedan antes del pr\u00f3ximo mini descanso, dir\u00eda que esta es la m\u00e1s dif\u00edcil\u201d, dijo.<\/p>\n<h2><strong>\u00bfC\u00d3MO QUED\u00d3 \u2018CHECO\u2019 P\u00c9REZ EN LA PR\u00c1CTICA 1 Y 2 DEL GP DE PA\u00cdSES BAJOS?<\/strong><\/h2>\n<p>&#8211; Pr\u00e1ctica 1: Lugar 12.<\/p>\n<p>&#8211; Pr\u00e1ctica 2: Lugar 12.<\/p>\n","protected":false},"excerpt":{"rendered":"<p>En Red Bull, Sergio \u2018Checo\u2019 P\u00e9rez ya tiene un defensor que le hace frente a las cr\u00edticas que se le vierten al mexicano por sus malos resultados en las \u00faltimas carreras en la F\u00f3rmula Uno. Christian Horner, director de la escuder\u00eda, confi\u00f3 en que el tapat\u00edo recupere su nivel y le dar\u00e1n todo su apoyo &hellip;<\/p>\n","protected":false},"author":2,"featured_media":27412,"comment_status":"open","ping_status":"closed","sticky":false,"template":"","format":"standard","meta":[],"categories":[45],"tags":[490,489,491],"_links":{"self":[{"href":"https:\/\/www.elgrillitosuena.com\/inicio\/wp-json\/wp\/v2\/posts\/27411"}],"collection":[{"href":"https:\/\/www.elgrillitosuena.com\/inicio\/wp-json\/wp\/v2\/posts"}],"about":[{"href":"https:\/\/www.elgrillitosuena.com\/inicio\/wp-json\/wp\/v2\/types\/post"}],"author":[{"embeddable":true,"href":"https:\/\/www.elgrillitosuena.com\/inicio\/wp-json\/wp\/v2\/users\/2"}],"replies":[{"embeddable":true,"href":"https:\/\/www.elgrillitosuena.com\/inicio\/wp-json\/wp\/v2\/comments?post=27411"}],"version-history":[{"count":1,"href":"https:\/\/www.elgrillitosuena.com\/inicio\/wp-json\/wp\/v2\/posts\/27411\/revisions"}],"predecessor-version":[{"id":27413,"href":"https:\/\/www.elgrillitosuena.com\/inicio\/wp-json\/wp\/v2\/posts\/27411\/revisions\/27413"}],"wp:featuredmedia":[{"embeddable":true,"href":"https:\/\/www.elgrillitosuena.com\/inicio\/wp-json\/wp\/v2\/media\/27412"}],"wp:attachment":[{"href":"https:\/\/www.elgrillitosuena.com\/inicio\/wp-json\/wp\/v2\/media?parent=27411"}],"wp:term":[{"taxonomy":"category","embeddable":true,"href":"https:\/\/www.elgrillitosuena.com\/inicio\/wp-json\/wp\/v2\/categories?post=27411"},{"taxonomy":"post_tag","embeddable":true,"href":"https:\/\/www.elgrillitosuena.com\/inicio\/wp-json\/wp\/v2\/tags?post=27411"}],"curies":[{"name":"wp","href":"https:\/\/api.w.org\/{rel}","templated":true}]}}