{"id":2674,"date":"2020-12-03T00:08:31","date_gmt":"2020-12-03T00:08:31","guid":{"rendered":"https:\/\/www.elgrillitosuena.com\/inicio\/?p=2674"},"modified":"2020-12-03T00:08:31","modified_gmt":"2020-12-03T00:08:31","slug":"entrega-gobernador-seis-vehiculos-para-personas-con-discapacidad-a-seis-municipios","status":"publish","type":"post","link":"https:\/\/www.elgrillitosuena.com\/inicio\/uncategorized\/entrega-gobernador-seis-vehiculos-para-personas-con-discapacidad-a-seis-municipios\/","title":{"rendered":"Entrega Gobernador seis veh\u00edculos para personas con discapacidad a seis municipios"},"content":{"rendered":"<ul>\n<li>Apatzing\u00e1n, Ario de Rosales, Churintzio, Sahuayo, San Lucas y Zacapu fueron los Municipios beneficiados.<\/li>\n<\/ul>\n<p>&nbsp;<\/p>\n<p>URUAPAN, MICH.-Garantizar la igualdad de derechos para todas y todos es mi convicci\u00f3n, asegur\u00f3 el Gobernador Silvano Aureoles Conejo, al entregar seis veh\u00edculos para el transporte de personas con discapacidad, al mismo n\u00famero de municipios en el estado.<\/p>\n<p><img decoding=\"async\" loading=\"lazy\" class=\"alignnone size-full wp-image-2678\" src=\"https:\/\/www.elgrillitosuena.com\/inicio\/wp-content\/uploads\/2020\/12\/A1Silvano.jpg\" alt=\"\" width=\"770\" height=\"410\" srcset=\"https:\/\/www.elgrillitosuena.com\/inicio\/wp-content\/uploads\/2020\/12\/A1Silvano.jpg 770w, https:\/\/www.elgrillitosuena.com\/inicio\/wp-content\/uploads\/2020\/12\/A1Silvano-300x160.jpg 300w, https:\/\/www.elgrillitosuena.com\/inicio\/wp-content\/uploads\/2020\/12\/A1Silvano-768x409.jpg 768w, https:\/\/www.elgrillitosuena.com\/inicio\/wp-content\/uploads\/2020\/12\/A1Silvano-310x165.jpg 310w\" sizes=\"(max-width: 770px) 100vw, 770px\" \/><\/p>\n<blockquote><p>\u201cLos gobiernos estamos obligados a dar las mejores condiciones para todas las personas por igual, creer y hacer v\u00e1lida la igualdad de derechos y esa es mi convicci\u00f3n\u201d, apunt\u00f3.<\/p><\/blockquote>\n<p>&nbsp;<\/p>\n<p>Al reiterar su compromiso con las y los michoacanos, principalmente con aquellos que enfrentan alguna discapacidad, el mandatario estatal les dijo que velar\u00e1 para que todas y todos tengan las mismas oportunidades de acceso a mejores condiciones de desarrollo y de vida.<\/p>\n<p>&nbsp;<\/p>\n<div data-carousel-extra='{\"blog_id\":1,\"permalink\":\"https:\\\/\\\/www.elgrillitosuena.com\\\/inicio\\\/uncategorized\\\/entrega-gobernador-seis-vehiculos-para-personas-con-discapacidad-a-seis-municipios\\\/\",\"likes_blog_id\":false}' id='gallery-1' class='gallery galleryid-2674 gallery-columns-3 gallery-size-thumbnail'><figure class='gallery-item'>\n\t\t\t<div class='gallery-icon landscape'>\n\t\t\t\t<a href='https:\/\/www.elgrillitosuena.com\/inicio\/uncategorized\/entrega-gobernador-seis-vehiculos-para-personas-con-discapacidad-a-seis-municipios\/attachment\/a2silvano\/'><img width=\"150\" height=\"150\" src=\"https:\/\/www.elgrillitosuena.com\/inicio\/wp-content\/uploads\/2020\/12\/A2Silvano-150x150.jpg\" class=\"attachment-thumbnail size-thumbnail\" alt=\"\" decoding=\"async\" loading=\"lazy\" data-attachment-id=\"2679\" data-orig-file=\"https:\/\/www.elgrillitosuena.com\/inicio\/wp-content\/uploads\/2020\/12\/A2Silvano.jpg\" data-orig-size=\"300,200\" data-comments-opened=\"1\" data-image-meta=\"{&quot;aperture&quot;:&quot;0&quot;,&quot;credit&quot;:&quot;&quot;,&quot;camera&quot;:&quot;&quot;,&quot;caption&quot;:&quot;&quot;,&quot;created_timestamp&quot;:&quot;0&quot;,&quot;copyright&quot;:&quot;&quot;,&quot;focal_length&quot;:&quot;0&quot;,&quot;iso&quot;:&quot;0&quot;,&quot;shutter_speed&quot;:&quot;0&quot;,&quot;title&quot;:&quot;&quot;,&quot;orientation&quot;:&quot;0&quot;,&quot;keywords&quot;:&quot;Array&quot;}\" data-image-title=\"A2Silvano\" data-image-description=\"\" data-medium-file=\"https:\/\/www.elgrillitosuena.com\/inicio\/wp-content\/uploads\/2020\/12\/A2Silvano.jpg\" data-large-file=\"https:\/\/www.elgrillitosuena.com\/inicio\/wp-content\/uploads\/2020\/12\/A2Silvano.jpg\" \/><\/a>\n\t\t\t<\/div><\/figure><figure class='gallery-item'>\n\t\t\t<div class='gallery-icon landscape'>\n\t\t\t\t<a href='https:\/\/www.elgrillitosuena.com\/inicio\/uncategorized\/entrega-gobernador-seis-vehiculos-para-personas-con-discapacidad-a-seis-municipios\/attachment\/a3silvano\/'><img width=\"150\" height=\"150\" src=\"https:\/\/www.elgrillitosuena.com\/inicio\/wp-content\/uploads\/2020\/12\/A3Silvano-150x150.jpg\" class=\"attachment-thumbnail size-thumbnail\" alt=\"\" decoding=\"async\" loading=\"lazy\" data-attachment-id=\"2680\" data-orig-file=\"https:\/\/www.elgrillitosuena.com\/inicio\/wp-content\/uploads\/2020\/12\/A3Silvano.jpg\" data-orig-size=\"300,200\" data-comments-opened=\"1\" data-image-meta=\"{&quot;aperture&quot;:&quot;0&quot;,&quot;credit&quot;:&quot;&quot;,&quot;camera&quot;:&quot;&quot;,&quot;caption&quot;:&quot;&quot;,&quot;created_timestamp&quot;:&quot;0&quot;,&quot;copyright&quot;:&quot;&quot;,&quot;focal_length&quot;:&quot;0&quot;,&quot;iso&quot;:&quot;0&quot;,&quot;shutter_speed&quot;:&quot;0&quot;,&quot;title&quot;:&quot;&quot;,&quot;orientation&quot;:&quot;0&quot;,&quot;keywords&quot;:&quot;Array&quot;}\" data-image-title=\"A3Silvano\" data-image-description=\"\" data-medium-file=\"https:\/\/www.elgrillitosuena.com\/inicio\/wp-content\/uploads\/2020\/12\/A3Silvano.jpg\" data-large-file=\"https:\/\/www.elgrillitosuena.com\/inicio\/wp-content\/uploads\/2020\/12\/A3Silvano.jpg\" \/><\/a>\n\t\t\t<\/div><\/figure><figure class='gallery-item'>\n\t\t\t<div class='gallery-icon landscape'>\n\t\t\t\t<a href='https:\/\/www.elgrillitosuena.com\/inicio\/uncategorized\/entrega-gobernador-seis-vehiculos-para-personas-con-discapacidad-a-seis-municipios\/attachment\/a1silvano\/'><img width=\"150\" height=\"150\" src=\"https:\/\/www.elgrillitosuena.com\/inicio\/wp-content\/uploads\/2020\/12\/A1Silvano-150x150.jpg\" class=\"attachment-thumbnail size-thumbnail\" alt=\"\" decoding=\"async\" loading=\"lazy\" data-attachment-id=\"2678\" data-orig-file=\"https:\/\/www.elgrillitosuena.com\/inicio\/wp-content\/uploads\/2020\/12\/A1Silvano.jpg\" data-orig-size=\"770,410\" data-comments-opened=\"1\" data-image-meta=\"{&quot;aperture&quot;:&quot;0&quot;,&quot;credit&quot;:&quot;&quot;,&quot;camera&quot;:&quot;&quot;,&quot;caption&quot;:&quot;&quot;,&quot;created_timestamp&quot;:&quot;0&quot;,&quot;copyright&quot;:&quot;&quot;,&quot;focal_length&quot;:&quot;0&quot;,&quot;iso&quot;:&quot;0&quot;,&quot;shutter_speed&quot;:&quot;0&quot;,&quot;title&quot;:&quot;&quot;,&quot;orientation&quot;:&quot;0&quot;,&quot;keywords&quot;:&quot;Array&quot;}\" data-image-title=\"A1Silvano\" data-image-description=\"\" data-medium-file=\"https:\/\/www.elgrillitosuena.com\/inicio\/wp-content\/uploads\/2020\/12\/A1Silvano-300x160.jpg\" data-large-file=\"https:\/\/www.elgrillitosuena.com\/inicio\/wp-content\/uploads\/2020\/12\/A1Silvano.jpg\" \/><\/a>\n\t\t\t<\/div><\/figure>\n\t\t<\/div>\n\n<p>&nbsp;<\/p>\n<p>Asegur\u00f3 que no dejar\u00e1 solos a los municipios y su poblaci\u00f3n ante la eliminaci\u00f3n de fondos federales, entre los que destaca el Fondo Federal para la Accesibilidad en el Transporte P\u00fablico para las Personas con Discapacidad, de donde se consiguieron las unidades hoy entregadas, por lo que se continuar\u00e1 en la b\u00fasqueda de alternativas para seguir atendiendo las demandas de la poblaci\u00f3n.<\/p>\n<p><img decoding=\"async\" loading=\"lazy\" class=\"alignnone size-full wp-image-2678\" src=\"https:\/\/www.elgrillitosuena.com\/inicio\/wp-content\/uploads\/2020\/12\/A1Silvano.jpg\" alt=\"\" width=\"770\" height=\"410\" srcset=\"https:\/\/www.elgrillitosuena.com\/inicio\/wp-content\/uploads\/2020\/12\/A1Silvano.jpg 770w, https:\/\/www.elgrillitosuena.com\/inicio\/wp-content\/uploads\/2020\/12\/A1Silvano-300x160.jpg 300w, https:\/\/www.elgrillitosuena.com\/inicio\/wp-content\/uploads\/2020\/12\/A1Silvano-768x409.jpg 768w, https:\/\/www.elgrillitosuena.com\/inicio\/wp-content\/uploads\/2020\/12\/A1Silvano-310x165.jpg 310w\" sizes=\"(max-width: 770px) 100vw, 770px\" \/><\/p>\n<p>De esta manera, los presidentes municipales de Apatzing\u00e1n, Ario de Rosales, Churintzio, Sahuayo, San Lucas y Zacapu, recibieron las llaves de un nuevo veh\u00edculo adaptado para el transporte de personas con discapacidad, que tuvo una inversi\u00f3n de 5 millones 958 mil pesos gestionados por la Semaccdet ante el Fondo Federal para la Accesibilidad en el Transporte P\u00fablico para las Personas con Discapacidad.<\/p>\n","protected":false},"excerpt":{"rendered":"<p>Apatzing\u00e1n, Ario de Rosales, Churintzio, Sahuayo, San Lucas y Zacapu fueron los Municipios beneficiados. &nbsp; URUAPAN, MICH.-Garantizar la igualdad de derechos para todas y todos es mi convicci\u00f3n, asegur\u00f3 el Gobernador Silvano Aureoles Conejo, al entregar seis veh\u00edculos para el transporte de personas con discapacidad, al mismo n\u00famero de municipios en el estado. \u201cLos gobiernos &hellip;<\/p>\n","protected":false},"author":2,"featured_media":2678,"comment_status":"open","ping_status":"closed","sticky":false,"template":"","format":"standard","meta":[],"categories":[38,51,1],"tags":[647,648,649,56,650,651,55,652],"_links":{"self":[{"href":"https:\/\/www.elgrillitosuena.com\/inicio\/wp-json\/wp\/v2\/posts\/2674"}],"collection":[{"href":"https:\/\/www.elgrillitosuena.com\/inicio\/wp-json\/wp\/v2\/posts"}],"about":[{"href":"https:\/\/www.elgrillitosuena.com\/inicio\/wp-json\/wp\/v2\/types\/post"}],"author":[{"embeddable":true,"href":"https:\/\/www.elgrillitosuena.com\/inicio\/wp-json\/wp\/v2\/users\/2"}],"replies":[{"embeddable":true,"href":"https:\/\/www.elgrillitosuena.com\/inicio\/wp-json\/wp\/v2\/comments?post=2674"}],"version-history":[{"count":3,"href":"https:\/\/www.elgrillitosuena.com\/inicio\/wp-json\/wp\/v2\/posts\/2674\/revisions"}],"predecessor-version":[{"id":2683,"href":"https:\/\/www.elgrillitosuena.com\/inicio\/wp-json\/wp\/v2\/posts\/2674\/revisions\/2683"}],"wp:featuredmedia":[{"embeddable":true,"href":"https:\/\/www.elgrillitosuena.com\/inicio\/wp-json\/wp\/v2\/media\/2678"}],"wp:attachment":[{"href":"https:\/\/www.elgrillitosuena.com\/inicio\/wp-json\/wp\/v2\/media?parent=2674"}],"wp:term":[{"taxonomy":"category","embeddable":true,"href":"https:\/\/www.elgrillitosuena.com\/inicio\/wp-json\/wp\/v2\/categories?post=2674"},{"taxonomy":"post_tag","embeddable":true,"href":"https:\/\/www.elgrillitosuena.com\/inicio\/wp-json\/wp\/v2\/tags?post=2674"}],"curies":[{"name":"wp","href":"https:\/\/api.w.org\/{rel}","templated":true}]}}