{"id":26620,"date":"2024-06-19T19:58:09","date_gmt":"2024-06-19T19:58:09","guid":{"rendered":"https:\/\/www.elgrillitosuena.com\/inicio\/?p=26620"},"modified":"2024-06-19T19:58:09","modified_gmt":"2024-06-19T19:58:09","slug":"presentan-programa-de-la-xxiii-semana-de-la-cultura-laboral","status":"publish","type":"post","link":"https:\/\/www.elgrillitosuena.com\/inicio\/noticias\/uruapan\/presentan-programa-de-la-xxiii-semana-de-la-cultura-laboral\/","title":{"rendered":"Presentan programa de la XXIII Semana de la Cultura Laboral"},"content":{"rendered":"<p><img decoding=\"async\" loading=\"lazy\" class=\"alignnone  wp-image-26621\" src=\"https:\/\/www.elgrillitosuena.com\/inicio\/wp-content\/uploads\/2024\/06\/1-300x200.png\" alt=\"\" width=\"687\" height=\"458\" srcset=\"https:\/\/www.elgrillitosuena.com\/inicio\/wp-content\/uploads\/2024\/06\/1-300x200.png 300w, https:\/\/www.elgrillitosuena.com\/inicio\/wp-content\/uploads\/2024\/06\/1-1024x682.png 1024w, https:\/\/www.elgrillitosuena.com\/inicio\/wp-content\/uploads\/2024\/06\/1-768x512.png 768w, https:\/\/www.elgrillitosuena.com\/inicio\/wp-content\/uploads\/2024\/06\/1.png 1280w\" sizes=\"(max-width: 687px) 100vw, 687px\" \/><\/p>\n<p>La capacitaci\u00f3n es muy importante para fortalecer el desarrollo humano e impulsar la competitividad, destac\u00f3 Nacho Campos, presidente municipal de Uruapan, al presentar con M\u00edriam Paola Pacheco Hern\u00e1ndez, presidenta de la Canacintra Uruapan y Gerardo Mora Camacho, jefe del departamento de Investigaci\u00f3n y Difusi\u00f3n de la Universidad Don Vasco (UDV), el programa de la XXIII Semana de la Cultura Laboral, que se desarrollar\u00e1 del 8 al 13 de julio con 139 talleres, cursos y diversas actividades gratuitas para losm\u00e1s de 20 mil participantes que se espera tener. El lema de este a\u00f1o es: \u201cen armon\u00eda con la naturaleza\u201d.<\/p>\n<p>Luego de invitar a la sociedad a participar en estos talleres, Nacho Campos se\u00f1al\u00f3 que estos cursos ayudan a fortalecer el factor humano, que es lo m\u00e1s importante en cualquier organizaci\u00f3n, siendo agentes de cambio, poniendo en pr\u00e1ctica aptitudes y conocimientos. A\u00f1adi\u00f3 que se trata de una oportunidad para diversificar la actividad productiva y motivar a la sociedad a trabajar en equipo, lo cual ayuda a dar mejores resultados en cualquier actividad econ\u00f3mica.<\/p>\n<p>Mientras que la presidenta de la C\u00e1mara Nacional de la Industria de la Transformaci\u00f3n (Canacintra), indic\u00f3 que la Semana de la Cultura Laboral es un evento que se ha consolidado gracias a los sectores empresarial, educativo y gubernamental, as\u00ed como profesionistas que se unen para brindar herramientas y conocimientos actualizados de calidad que permitan un desarrollo personal y profesional para detonar el crecimiento econ\u00f3mico de la regi\u00f3n.<\/p>\n<p>Finalmente, Gerardo Mora Camacho, representante de la UDV, explic\u00f3 que este evento se ha caracterizado por la variedad de conocimientos y temas; esta edici\u00f3n con m\u00e1s actividades con un total de 139 cursos, de los cuales , 98 virtuales y 41 presenciales con sedes en la UDV y en el Icatmi. Los detalles del programa de actividades y registrosse pueden realizar en el sitio web https:\/\/www.culturalaboraluruapan.com.<\/p>\n","protected":false},"excerpt":{"rendered":"<p>La capacitaci\u00f3n es muy importante para fortalecer el desarrollo humano e impulsar la competitividad, destac\u00f3 Nacho Campos, presidente municipal de Uruapan, al presentar con M\u00edriam Paola Pacheco Hern\u00e1ndez, presidenta de la Canacintra Uruapan y Gerardo Mora Camacho, jefe del departamento de Investigaci\u00f3n y Difusi\u00f3n de la Universidad Don Vasco (UDV), el programa de la XXIII &hellip;<\/p>\n","protected":false},"author":2,"featured_media":26621,"comment_status":"open","ping_status":"closed","sticky":false,"template":"","format":"standard","meta":[],"categories":[43,37],"tags":[6588,63],"_links":{"self":[{"href":"https:\/\/www.elgrillitosuena.com\/inicio\/wp-json\/wp\/v2\/posts\/26620"}],"collection":[{"href":"https:\/\/www.elgrillitosuena.com\/inicio\/wp-json\/wp\/v2\/posts"}],"about":[{"href":"https:\/\/www.elgrillitosuena.com\/inicio\/wp-json\/wp\/v2\/types\/post"}],"author":[{"embeddable":true,"href":"https:\/\/www.elgrillitosuena.com\/inicio\/wp-json\/wp\/v2\/users\/2"}],"replies":[{"embeddable":true,"href":"https:\/\/www.elgrillitosuena.com\/inicio\/wp-json\/wp\/v2\/comments?post=26620"}],"version-history":[{"count":1,"href":"https:\/\/www.elgrillitosuena.com\/inicio\/wp-json\/wp\/v2\/posts\/26620\/revisions"}],"predecessor-version":[{"id":26622,"href":"https:\/\/www.elgrillitosuena.com\/inicio\/wp-json\/wp\/v2\/posts\/26620\/revisions\/26622"}],"wp:featuredmedia":[{"embeddable":true,"href":"https:\/\/www.elgrillitosuena.com\/inicio\/wp-json\/wp\/v2\/media\/26621"}],"wp:attachment":[{"href":"https:\/\/www.elgrillitosuena.com\/inicio\/wp-json\/wp\/v2\/media?parent=26620"}],"wp:term":[{"taxonomy":"category","embeddable":true,"href":"https:\/\/www.elgrillitosuena.com\/inicio\/wp-json\/wp\/v2\/categories?post=26620"},{"taxonomy":"post_tag","embeddable":true,"href":"https:\/\/www.elgrillitosuena.com\/inicio\/wp-json\/wp\/v2\/tags?post=26620"}],"curies":[{"name":"wp","href":"https:\/\/api.w.org\/{rel}","templated":true}]}}