{"id":26075,"date":"2024-02-06T18:54:28","date_gmt":"2024-02-06T18:54:28","guid":{"rendered":"https:\/\/www.elgrillitosuena.com\/inicio\/?p=26075"},"modified":"2024-02-09T18:57:35","modified_gmt":"2024-02-09T18:57:35","slug":"con-exito-culmina-segunda-fase-de-quema-controlada-en-el-cerro-de-jicalan","status":"publish","type":"post","link":"https:\/\/www.elgrillitosuena.com\/inicio\/noticias\/uruapan\/con-exito-culmina-segunda-fase-de-quema-controlada-en-el-cerro-de-jicalan\/","title":{"rendered":"Con \u00e9xito, culmina segunda fase de quema controlada en el cerro de Jical\u00e1n"},"content":{"rendered":"<p><img decoding=\"async\" loading=\"lazy\" class=\"alignnone  wp-image-26076\" src=\"https:\/\/www.elgrillitosuena.com\/inicio\/wp-content\/uploads\/2024\/02\/0fde04ee-0097-4b2e-82dc-b4a6829d5eb2-300x200.jpg\" alt=\"\" width=\"671\" height=\"447\" srcset=\"https:\/\/www.elgrillitosuena.com\/inicio\/wp-content\/uploads\/2024\/02\/0fde04ee-0097-4b2e-82dc-b4a6829d5eb2-300x200.jpg 300w, https:\/\/www.elgrillitosuena.com\/inicio\/wp-content\/uploads\/2024\/02\/0fde04ee-0097-4b2e-82dc-b4a6829d5eb2-1024x682.jpg 1024w, https:\/\/www.elgrillitosuena.com\/inicio\/wp-content\/uploads\/2024\/02\/0fde04ee-0097-4b2e-82dc-b4a6829d5eb2-768x512.jpg 768w, https:\/\/www.elgrillitosuena.com\/inicio\/wp-content\/uploads\/2024\/02\/0fde04ee-0097-4b2e-82dc-b4a6829d5eb2.jpg 1280w\" sizes=\"(max-width: 671px) 100vw, 671px\" \/><\/p>\n<p>Como parte del Programa Municipal de Manejo del Fuego 2024, el gobierno de Uruapan, en conjunto con brigadas ambientales y corporaciones de auxilio, concluy\u00f3 con gran \u00e9xito la segunda fase de quema controlada en el cerro de Jical\u00e1n.<\/p>\n<p>Roberto Paleo Avil\u00e9s, jefe del \u00c1rea Forestal, inform\u00f3 que, en esta ocasi\u00f3n, se priorizaron los trabajos en el paraje El Zapotito, de la comunidad ind\u00edgena de San Francisco Jical\u00e1n, \u00e1rea donde se redujo una carga de combustible de una superficie de 1.8 hect\u00e1reas de zona de interfase urbana-forestal, considerada como de alto riesgo.<\/p>\n<p>A\u00f1adi\u00f3 que, adem\u00e1s de estas quemas controladas, el gobierno de Nacho Campos realiza un trabajo constante en el cerro de Jical\u00e1n, que consiste en chaponeos, limpieza de maleza, rehabilitaci\u00f3n y apertura de brechas corta-fuego, l\u00edneas de contenci\u00f3n en \u00e1reas de regeneraci\u00f3n natural y muchas otras actividades que ayudan a proteger y\/o evitar la propagaci\u00f3n de incendios forestales.<\/p>\n<p>Indic\u00f3 que en esta jornada participaron combatientes municipales de Delfines, las Brigadas de Protecci\u00f3n de Manejo de Fuego F\u00e9nix, Bomberos Profesionales, personal de Protecci\u00f3n Civil Municipal, Brigada Independiente Conafor y pipa de CAPASU.<\/p>\n","protected":false},"excerpt":{"rendered":"<p>Como parte del Programa Municipal de Manejo del Fuego 2024, el gobierno de Uruapan, en conjunto con brigadas ambientales y corporaciones de auxilio, concluy\u00f3 con gran \u00e9xito la segunda fase de quema controlada en el cerro de Jical\u00e1n. Roberto Paleo Avil\u00e9s, jefe del \u00c1rea Forestal, inform\u00f3 que, en esta ocasi\u00f3n, se priorizaron los trabajos en &hellip;<\/p>\n","protected":false},"author":2,"featured_media":26076,"comment_status":"open","ping_status":"closed","sticky":false,"template":"","format":"standard","meta":[],"categories":[37],"tags":[2592,63],"_links":{"self":[{"href":"https:\/\/www.elgrillitosuena.com\/inicio\/wp-json\/wp\/v2\/posts\/26075"}],"collection":[{"href":"https:\/\/www.elgrillitosuena.com\/inicio\/wp-json\/wp\/v2\/posts"}],"about":[{"href":"https:\/\/www.elgrillitosuena.com\/inicio\/wp-json\/wp\/v2\/types\/post"}],"author":[{"embeddable":true,"href":"https:\/\/www.elgrillitosuena.com\/inicio\/wp-json\/wp\/v2\/users\/2"}],"replies":[{"embeddable":true,"href":"https:\/\/www.elgrillitosuena.com\/inicio\/wp-json\/wp\/v2\/comments?post=26075"}],"version-history":[{"count":1,"href":"https:\/\/www.elgrillitosuena.com\/inicio\/wp-json\/wp\/v2\/posts\/26075\/revisions"}],"predecessor-version":[{"id":26077,"href":"https:\/\/www.elgrillitosuena.com\/inicio\/wp-json\/wp\/v2\/posts\/26075\/revisions\/26077"}],"wp:featuredmedia":[{"embeddable":true,"href":"https:\/\/www.elgrillitosuena.com\/inicio\/wp-json\/wp\/v2\/media\/26076"}],"wp:attachment":[{"href":"https:\/\/www.elgrillitosuena.com\/inicio\/wp-json\/wp\/v2\/media?parent=26075"}],"wp:term":[{"taxonomy":"category","embeddable":true,"href":"https:\/\/www.elgrillitosuena.com\/inicio\/wp-json\/wp\/v2\/categories?post=26075"},{"taxonomy":"post_tag","embeddable":true,"href":"https:\/\/www.elgrillitosuena.com\/inicio\/wp-json\/wp\/v2\/tags?post=26075"}],"curies":[{"name":"wp","href":"https:\/\/api.w.org\/{rel}","templated":true}]}}