{"id":25969,"date":"2023-12-29T20:06:03","date_gmt":"2023-12-29T20:06:03","guid":{"rendered":"https:\/\/www.elgrillitosuena.com\/inicio\/?p=25969"},"modified":"2024-01-02T20:11:24","modified_gmt":"2024-01-02T20:11:24","slug":"el-2023-fue-muy-productivo-en-materia-de-planeacion-para-uruapan","status":"publish","type":"post","link":"https:\/\/www.elgrillitosuena.com\/inicio\/noticias\/uruapan\/el-2023-fue-muy-productivo-en-materia-de-planeacion-para-uruapan\/","title":{"rendered":"El 2023 fue muy productivo en materia de planeaci\u00f3n para Uruapan"},"content":{"rendered":"<p><img decoding=\"async\" loading=\"lazy\" class=\"alignnone wp-image-25970\" src=\"https:\/\/www.elgrillitosuena.com\/inicio\/wp-content\/uploads\/2024\/01\/42db3ce2-772e-4fbb-b0b9-43e1d27e503c-300x200.jpg\" alt=\"\" width=\"663\" height=\"442\" srcset=\"https:\/\/www.elgrillitosuena.com\/inicio\/wp-content\/uploads\/2024\/01\/42db3ce2-772e-4fbb-b0b9-43e1d27e503c-300x200.jpg 300w, https:\/\/www.elgrillitosuena.com\/inicio\/wp-content\/uploads\/2024\/01\/42db3ce2-772e-4fbb-b0b9-43e1d27e503c-768x512.jpg 768w, https:\/\/www.elgrillitosuena.com\/inicio\/wp-content\/uploads\/2024\/01\/42db3ce2-772e-4fbb-b0b9-43e1d27e503c.jpg 1024w\" sizes=\"(max-width: 663px) 100vw, 663px\" \/><\/p>\n<p>El Instituto Municipal de Planeaci\u00f3n (Implan) tuvo un a\u00f1o muy productivo, en el que gener\u00f3 buenos resultados para proyectar de mejor manera el futuro de Uruapan. Cre\u00f3 el Programa Municipal de Desarrollo Urbano y el Atlas de Vulnerabilidad Clim\u00e1tica.<\/p>\n<p>En ese sentido, Roberto Flores Ch\u00e1vez, director del Implan, resalt\u00f3 que ambos instrumentos de planeaci\u00f3n se manejar\u00e1n de forma multidisciplinaria y ayudar\u00e1n a regular el crecimiento urbano, a frenar el deterioro medioambiental y el cambio clim\u00e1tico, a mejorar la movilidad, entre otros temas para los que ser\u00e1n de gran utilidad.<\/p>\n<p>Especific\u00f3 que los documentos fueron elaborados por personal del Implan, con asesor\u00eda t\u00e9cnica del Infonavit, para el caso del Programa de Desarrollo Urbano; y de la embajada de la Uni\u00f3n Europea en M\u00e9xico, para el tema del Atlas de Vulnerabilidad. Adelant\u00f3 que para el 2024 vendr\u00e1 la actualizaci\u00f3n del Programa de Ordenamiento Ecol\u00f3gico local, entre otros proyectos.<\/p>\n","protected":false},"excerpt":{"rendered":"<p>El Instituto Municipal de Planeaci\u00f3n (Implan) tuvo un a\u00f1o muy productivo, en el que gener\u00f3 buenos resultados para proyectar de mejor manera el futuro de Uruapan. Cre\u00f3 el Programa Municipal de Desarrollo Urbano y el Atlas de Vulnerabilidad Clim\u00e1tica. En ese sentido, Roberto Flores Ch\u00e1vez, director del Implan, resalt\u00f3 que ambos instrumentos de planeaci\u00f3n se &hellip;<\/p>\n","protected":false},"author":2,"featured_media":25970,"comment_status":"open","ping_status":"closed","sticky":false,"template":"","format":"standard","meta":[],"categories":[37],"tags":[1707,63],"_links":{"self":[{"href":"https:\/\/www.elgrillitosuena.com\/inicio\/wp-json\/wp\/v2\/posts\/25969"}],"collection":[{"href":"https:\/\/www.elgrillitosuena.com\/inicio\/wp-json\/wp\/v2\/posts"}],"about":[{"href":"https:\/\/www.elgrillitosuena.com\/inicio\/wp-json\/wp\/v2\/types\/post"}],"author":[{"embeddable":true,"href":"https:\/\/www.elgrillitosuena.com\/inicio\/wp-json\/wp\/v2\/users\/2"}],"replies":[{"embeddable":true,"href":"https:\/\/www.elgrillitosuena.com\/inicio\/wp-json\/wp\/v2\/comments?post=25969"}],"version-history":[{"count":1,"href":"https:\/\/www.elgrillitosuena.com\/inicio\/wp-json\/wp\/v2\/posts\/25969\/revisions"}],"predecessor-version":[{"id":25971,"href":"https:\/\/www.elgrillitosuena.com\/inicio\/wp-json\/wp\/v2\/posts\/25969\/revisions\/25971"}],"wp:featuredmedia":[{"embeddable":true,"href":"https:\/\/www.elgrillitosuena.com\/inicio\/wp-json\/wp\/v2\/media\/25970"}],"wp:attachment":[{"href":"https:\/\/www.elgrillitosuena.com\/inicio\/wp-json\/wp\/v2\/media?parent=25969"}],"wp:term":[{"taxonomy":"category","embeddable":true,"href":"https:\/\/www.elgrillitosuena.com\/inicio\/wp-json\/wp\/v2\/categories?post=25969"},{"taxonomy":"post_tag","embeddable":true,"href":"https:\/\/www.elgrillitosuena.com\/inicio\/wp-json\/wp\/v2\/tags?post=25969"}],"curies":[{"name":"wp","href":"https:\/\/api.w.org\/{rel}","templated":true}]}}