{"id":25873,"date":"2023-12-19T20:23:42","date_gmt":"2023-12-19T20:23:42","guid":{"rendered":"https:\/\/www.elgrillitosuena.com\/inicio\/?p=25873"},"modified":"2023-12-19T20:23:42","modified_gmt":"2023-12-19T20:23:42","slug":"y-el-covid-19-se-volvio-en-una-enfermedad-normal-cuatro-anos-despues","status":"publish","type":"post","link":"https:\/\/www.elgrillitosuena.com\/inicio\/noticias\/mundo\/y-el-covid-19-se-volvio-en-una-enfermedad-normal-cuatro-anos-despues\/","title":{"rendered":"Y el covid-19 se volvi\u00f3 en una &#8216;enfermedad normal&#8217;&#8230; cuatro a\u00f1os despu\u00e9s"},"content":{"rendered":"<p><img decoding=\"async\" loading=\"lazy\" class=\"alignnone  wp-image-25874\" src=\"https:\/\/www.elgrillitosuena.com\/inicio\/wp-content\/uploads\/2023\/12\/trabajador-salud-vacuna-contra-covid-19-300x180.png\" alt=\"\" width=\"680\" height=\"408\" srcset=\"https:\/\/www.elgrillitosuena.com\/inicio\/wp-content\/uploads\/2023\/12\/trabajador-salud-vacuna-contra-covid-19-300x180.png 300w, https:\/\/www.elgrillitosuena.com\/inicio\/wp-content\/uploads\/2023\/12\/trabajador-salud-vacuna-contra-covid-19-1024x615.png 1024w, https:\/\/www.elgrillitosuena.com\/inicio\/wp-content\/uploads\/2023\/12\/trabajador-salud-vacuna-contra-covid-19-768x461.png 768w, https:\/\/www.elgrillitosuena.com\/inicio\/wp-content\/uploads\/2023\/12\/trabajador-salud-vacuna-contra-covid-19.png 1170w\" sizes=\"(max-width: 680px) 100vw, 680px\" \/><\/p>\n<p>Lejos del horror de los primeros tiempos de la pandemia, que comenz\u00f3 hace cuatro a\u00f1os, el covid-19 se volvi\u00f3 menos peligroso pero sigue siendo un problema importante de salud p\u00fablica, con especificidades persistentes en comparaci\u00f3n con otras enfermedades.<\/p>\n<p>El a\u00f1o 2023 marc\u00f3 una nueva etapa en la normalizaci\u00f3n del covid. La tendencia se aceler\u00f3 ya el a\u00f1o anterior, despu\u00e9s de unos 2020 y 2021 dominados por una pandemia de efectos hist\u00f3ricos. La Organizaci\u00f3n Mundial de la Salud (OMS) no considera desde mayo que el covid constituya una emergencia internacional. Si bien sigue afirmando que la pandemia contin\u00faa, esa decisi\u00f3n es altamente simb\u00f3lica.<\/p>\n<p>El a\u00f1o tambi\u00e9n vio el final del &#8220;covid cero&#8221;.China, \u00faltimo gran pa\u00eds en aplicar esta pol\u00edtica de excepci\u00f3n,\u00a0que tiene por objeto eliminar la circulaci\u00f3n de la enfermedad y no s\u00f3lo limitarla, la abandon\u00f3 a principios de a\u00f1o.<\/p>\n<h2>\u00bfEl covid-19 ya se hizo menos peligroso?\u00a0\u00bfPor qu\u00e9 esta normalizaci\u00f3n?<\/h2>\n<p>En primer lugar, porque una infecci\u00f3n por covid parece hoy mucho menos peligrosa que en 2020, cuando numerosos pa\u00edses decretaron confinamientos sin precedentes frente a los efectos mortales del SARS-CoV-2, el virus causante de la epidemia. Es el resultado de vacunas eficaces, distribuidas desde 2021, y de la inmunidad adquirida por la poblaci\u00f3n en oleadas sucesivas de infecciones por el virus.<\/p>\n<blockquote><p>&#8220;La letalidad, que corresponde al riesgo individual de morir despu\u00e9s de una infecci\u00f3n, &#8220;disminuy\u00f3 mucho en comparaci\u00f3n con la era pre-vacunal&#8221;, afirma Antoine Flahault, epidemi\u00f3logo de la Universidad de Ginebra. &#8220;Es del orden de uno por mil o quiz\u00e1s menos&#8221;, en tanto el riesgo se contaba en porcentaje al comienzo de la pandemia, subraya.<\/p><\/blockquote>\n<p>Un nivel comparable con una infecci\u00f3n estacional por el virus de la gripe, aunque es arriesgado designar cu\u00e1l de los dos es el m\u00e1s peligroso.\u00a0El covid se convirti\u00f3 en una enfermedad respiratoria m\u00e1s.\u00a0Pero sigue planteando importantes problemas de salud p\u00fablica, a veces debido a sus particularidades.<\/p>\n<p>A diferencia de otras enfermedades como la gripe, el covid experimenta varias olas al a\u00f1o. Por lo tanto, dif\u00edcilmente se puede calificar de enfermedad invernal, pero un brote puede coincidir con la estaci\u00f3n cl\u00e1sica de las epidemias, como es el caso en este momento.<\/p>\n<blockquote><p>&#8220;El covid-19 es una de las enfermedades que progresan actualmente&#8221; en numerosos pa\u00edses, advirti\u00f3 el domingo Mar\u00eda Van Kerkhove, epidemi\u00f3loga de la OMS.<\/p><\/blockquote>\n<p>Este auge est\u00e1 en parte relacionado con la aparici\u00f3n de una subvariante: el JN.1, explic\u00f3. Nueva declinaci\u00f3n del \u00f3micron y versi\u00f3n dominante del virus desde hace dos a\u00f1os, no parece particularmente peligroso pero s\u00ed muy transmisible.<\/p>\n<h2>\u00bfSiguen habiendo muchos contagios de covid-19?<\/h2>\n<p>En general, esta es la gran particularidad del covid en comparaci\u00f3n con otras infecciones como la gripe.\u00a0&#8220;En un a\u00f1o, hay entre 5% y 10% de personas que contraen la gripe&#8221;, pero muchas m\u00e1s contraen el covid-19, se\u00f1ala Flahault, subrayando que esto hace aumentar mec\u00e1nicamente la mortalidad a nivel poblacional, pese a que el riesgo individual sea limitado.<\/p>\n<p>Sin embargo, el n\u00famero exacto de muertes no est\u00e1 claro, ya que muchas est\u00e1n relacionadas con la enfermedad pero no le son atribuidas. Las cifras oficiales de la OMS indican que desde el inicio de la epidemia, hace cuatro a\u00f1os, unos 7 millones de personas murieron por covid,\u00a0pero la propia organizaci\u00f3n admite que el nivel real probablemente sea de unos 20 millones o m\u00e1s.<\/p>\n<h2>\u00bfY quienes sufierron de un &#8220;covid largo&#8221;?<\/h2>\n<p>M\u00e1s all\u00e1 de la mortalidad, queda la cuesti\u00f3n de las secuelas duraderas, llamadas &#8220;covid largo&#8221;: cansancio, dificultades respiratorias&#8230; la realidad de estos s\u00edntomas ya no es dudosa, al igual que se sabe que su origen es fisiol\u00f3gico y no psicol\u00f3gico. Sin embargo, sigue siendo dif\u00edcil determinar su frecuencia y si el covid los causa con m\u00e1s frecuencia que otras enfermedades.<\/p>\n<p>Las secuelas de la gripe, por ejemplo, no se les prest\u00f3 tanta atenci\u00f3n, destaca Flahault. En cualquier caso, varios estudios publicados este a\u00f1o son bastante tranquilizadores al negar la idea de una explosi\u00f3n de los casos de covid a lo largo del tiempo. Un estudio realizado entre la poblaci\u00f3n sueca, publicado en septiembre en el Journal of Infectious Diseases, muestra un &#8220;riesgo menos elevado&#8221; de un covid largo despu\u00e9s de una infecci\u00f3n por \u00f3micron, en comparaci\u00f3n con las variantes anteriores.<\/p>\n","protected":false},"excerpt":{"rendered":"<p>Lejos del horror de los primeros tiempos de la pandemia, que comenz\u00f3 hace cuatro a\u00f1os, el covid-19 se volvi\u00f3 menos peligroso pero sigue siendo un problema importante de salud p\u00fablica, con especificidades persistentes en comparaci\u00f3n con otras enfermedades. El a\u00f1o 2023 marc\u00f3 una nueva etapa en la normalizaci\u00f3n del covid. La tendencia se aceler\u00f3 ya &hellip;<\/p>\n","protected":false},"author":2,"featured_media":25874,"comment_status":"open","ping_status":"closed","sticky":false,"template":"","format":"standard","meta":[],"categories":[40],"tags":[229,61,1988],"_links":{"self":[{"href":"https:\/\/www.elgrillitosuena.com\/inicio\/wp-json\/wp\/v2\/posts\/25873"}],"collection":[{"href":"https:\/\/www.elgrillitosuena.com\/inicio\/wp-json\/wp\/v2\/posts"}],"about":[{"href":"https:\/\/www.elgrillitosuena.com\/inicio\/wp-json\/wp\/v2\/types\/post"}],"author":[{"embeddable":true,"href":"https:\/\/www.elgrillitosuena.com\/inicio\/wp-json\/wp\/v2\/users\/2"}],"replies":[{"embeddable":true,"href":"https:\/\/www.elgrillitosuena.com\/inicio\/wp-json\/wp\/v2\/comments?post=25873"}],"version-history":[{"count":1,"href":"https:\/\/www.elgrillitosuena.com\/inicio\/wp-json\/wp\/v2\/posts\/25873\/revisions"}],"predecessor-version":[{"id":25875,"href":"https:\/\/www.elgrillitosuena.com\/inicio\/wp-json\/wp\/v2\/posts\/25873\/revisions\/25875"}],"wp:featuredmedia":[{"embeddable":true,"href":"https:\/\/www.elgrillitosuena.com\/inicio\/wp-json\/wp\/v2\/media\/25874"}],"wp:attachment":[{"href":"https:\/\/www.elgrillitosuena.com\/inicio\/wp-json\/wp\/v2\/media?parent=25873"}],"wp:term":[{"taxonomy":"category","embeddable":true,"href":"https:\/\/www.elgrillitosuena.com\/inicio\/wp-json\/wp\/v2\/categories?post=25873"},{"taxonomy":"post_tag","embeddable":true,"href":"https:\/\/www.elgrillitosuena.com\/inicio\/wp-json\/wp\/v2\/tags?post=25873"}],"curies":[{"name":"wp","href":"https:\/\/api.w.org\/{rel}","templated":true}]}}