{"id":25869,"date":"2023-12-14T20:58:23","date_gmt":"2023-12-14T20:58:23","guid":{"rendered":"https:\/\/www.elgrillitosuena.com\/inicio\/?p=25869"},"modified":"2023-12-14T20:58:23","modified_gmt":"2023-12-14T20:58:23","slug":"62-de-la-poblacion-en-las-americas-vive-con-sobrepeso-y-obesidad-ops","status":"publish","type":"post","link":"https:\/\/www.elgrillitosuena.com\/inicio\/noticias\/mexico\/62-de-la-poblacion-en-las-americas-vive-con-sobrepeso-y-obesidad-ops\/","title":{"rendered":"62% de la poblaci\u00f3n en las Am\u00e9ricas vive con sobrepeso y obesidad: OPS"},"content":{"rendered":"<p><img decoding=\"async\" loading=\"lazy\" class=\"alignnone  wp-image-25870\" src=\"https:\/\/www.elgrillitosuena.com\/inicio\/wp-content\/uploads\/2023\/12\/latam-obesidad-300x169.jpg\" alt=\"\" width=\"662\" height=\"373\" srcset=\"https:\/\/www.elgrillitosuena.com\/inicio\/wp-content\/uploads\/2023\/12\/latam-obesidad-300x169.jpg 300w, https:\/\/www.elgrillitosuena.com\/inicio\/wp-content\/uploads\/2023\/12\/latam-obesidad-768x432.jpg 768w, https:\/\/www.elgrillitosuena.com\/inicio\/wp-content\/uploads\/2023\/12\/latam-obesidad.jpg 890w\" sizes=\"(max-width: 662px) 100vw, 662px\" \/><\/p>\n<p>En promedio, seis de cada diez personas que viven en la regi\u00f3n de las Am\u00e9ricas, tienen obesidad o sobrepeso, alert\u00f3 la Organizaci\u00f3n Panamericana de la Salud.<\/p>\n<p>Jos\u00e9 Moya Medina, representante de la OPS\/OMS en M\u00e9xico a\u00f1adi\u00f3 que esta cifra representa la prevalencia regional m\u00e1s alta a nivel global.<\/p>\n<p>Indic\u00f3 que tan solo en 2021,\u00a0<strong>en las Am\u00e9ricas, 2.8 millones de personas murieron por enfermedades no transmisibles<\/strong>, resultado de una mala alimentaci\u00f3n.<\/p>\n<blockquote><p>\u201cEn los \u00faltimos 50 a\u00f1os las tasas de sobrepeso y obesidad se triplicaron afectando al 62% de la poblaci\u00f3n de la regi\u00f3n, la prevalencia regional m\u00e1s alta del mundo&#8221;<\/p><\/blockquote>\n<p><em>\u201cLos niveles de sobrepeso en los ni\u00f1os, ni\u00f1as y adolescentes de 5 a 19 a\u00f1os, tambi\u00e9n aumentaron, afectando al 34%\u201d<\/em>, explic\u00f3.<\/p>\n<p>Durante su participaci\u00f3n en el lanzamiento de la<strong>\u00a0Red Latinoamericana de Estados para la Transformaci\u00f3n de los Sistemas Alimentarios y una Mejor Nutrici\u00f3n\u00a0<\/strong>propuesta por M\u00e9xico.<\/p>\n<p>Al inaugurar el evento que se realiz\u00f3 en el Complejo Cultural Los Pinos,<strong>\u00a0Ruy L\u00f3pez Ridaura<\/strong>, subsecretario de prevenci\u00f3n y promoci\u00f3n de la\u00a0<a href=\"https:\/\/www.excelsior.com.mx\/salud\" target=\"_blank\" rel=\"noopener\">salud<\/a>, inform\u00f3 que 16 pa\u00edses Latinoam\u00e9rica se sumaron a esta red para transformar y acabar con el desastre alimentario que vivimos.<\/p>\n<blockquote><p><em>\u201cTenemos una producci\u00f3n y acceso desmedido de productos ultra procesados que deb\u00eda ser el principal componente para su reducci\u00f3n y separaci\u00f3n del ambiente en el que se mueven las personas\u201d<\/em>, indic\u00f3.<\/p>\n<p class=\"banner-content-ads\">\n<\/blockquote>\n","protected":false},"excerpt":{"rendered":"<p>En promedio, seis de cada diez personas que viven en la regi\u00f3n de las Am\u00e9ricas, tienen obesidad o sobrepeso, alert\u00f3 la Organizaci\u00f3n Panamericana de la Salud. Jos\u00e9 Moya Medina, representante de la OPS\/OMS en M\u00e9xico a\u00f1adi\u00f3 que esta cifra representa la prevalencia regional m\u00e1s alta a nivel global. Indic\u00f3 que tan solo en 2021,\u00a0en las &hellip;<\/p>\n","protected":false},"author":2,"featured_media":25870,"comment_status":"open","ping_status":"closed","sticky":false,"template":"","format":"standard","meta":[],"categories":[39],"tags":[604,6478,635,3244,6477],"_links":{"self":[{"href":"https:\/\/www.elgrillitosuena.com\/inicio\/wp-json\/wp\/v2\/posts\/25869"}],"collection":[{"href":"https:\/\/www.elgrillitosuena.com\/inicio\/wp-json\/wp\/v2\/posts"}],"about":[{"href":"https:\/\/www.elgrillitosuena.com\/inicio\/wp-json\/wp\/v2\/types\/post"}],"author":[{"embeddable":true,"href":"https:\/\/www.elgrillitosuena.com\/inicio\/wp-json\/wp\/v2\/users\/2"}],"replies":[{"embeddable":true,"href":"https:\/\/www.elgrillitosuena.com\/inicio\/wp-json\/wp\/v2\/comments?post=25869"}],"version-history":[{"count":1,"href":"https:\/\/www.elgrillitosuena.com\/inicio\/wp-json\/wp\/v2\/posts\/25869\/revisions"}],"predecessor-version":[{"id":25871,"href":"https:\/\/www.elgrillitosuena.com\/inicio\/wp-json\/wp\/v2\/posts\/25869\/revisions\/25871"}],"wp:featuredmedia":[{"embeddable":true,"href":"https:\/\/www.elgrillitosuena.com\/inicio\/wp-json\/wp\/v2\/media\/25870"}],"wp:attachment":[{"href":"https:\/\/www.elgrillitosuena.com\/inicio\/wp-json\/wp\/v2\/media?parent=25869"}],"wp:term":[{"taxonomy":"category","embeddable":true,"href":"https:\/\/www.elgrillitosuena.com\/inicio\/wp-json\/wp\/v2\/categories?post=25869"},{"taxonomy":"post_tag","embeddable":true,"href":"https:\/\/www.elgrillitosuena.com\/inicio\/wp-json\/wp\/v2\/tags?post=25869"}],"curies":[{"name":"wp","href":"https:\/\/api.w.org\/{rel}","templated":true}]}}