{"id":25581,"date":"2023-11-21T20:00:25","date_gmt":"2023-11-21T20:00:25","guid":{"rendered":"https:\/\/www.elgrillitosuena.com\/inicio\/?p=25581"},"modified":"2023-11-21T20:00:25","modified_gmt":"2023-11-21T20:00:25","slug":"descarta-lopez-obrador-romper-relaciones-con-argentina","status":"publish","type":"post","link":"https:\/\/www.elgrillitosuena.com\/inicio\/noticias\/mexico\/descarta-lopez-obrador-romper-relaciones-con-argentina\/","title":{"rendered":"Descarta L\u00f3pez Obrador romper relaciones con Argentina"},"content":{"rendered":"<p><img decoding=\"async\" loading=\"lazy\" class=\"alignnone  wp-image-25582\" src=\"https:\/\/www.elgrillitosuena.com\/inicio\/wp-content\/uploads\/2023\/11\/amlo-megafarmacia-sistema-salud-2024-300x169.jpeg\" alt=\"\" width=\"667\" height=\"376\" srcset=\"https:\/\/www.elgrillitosuena.com\/inicio\/wp-content\/uploads\/2023\/11\/amlo-megafarmacia-sistema-salud-2024-300x169.jpeg 300w, https:\/\/www.elgrillitosuena.com\/inicio\/wp-content\/uploads\/2023\/11\/amlo-megafarmacia-sistema-salud-2024-1024x576.jpeg 1024w, https:\/\/www.elgrillitosuena.com\/inicio\/wp-content\/uploads\/2023\/11\/amlo-megafarmacia-sistema-salud-2024-768x432.jpeg 768w, https:\/\/www.elgrillitosuena.com\/inicio\/wp-content\/uploads\/2023\/11\/amlo-megafarmacia-sistema-salud-2024-1536x864.jpeg 1536w, https:\/\/www.elgrillitosuena.com\/inicio\/wp-content\/uploads\/2023\/11\/amlo-megafarmacia-sistema-salud-2024.jpeg 1920w\" sizes=\"(max-width: 667px) 100vw, 667px\" \/><\/p>\n<p>Despu\u00e9s del triunfo de Javier Mieli en las elecciones para elegir al nuevo presidente de\u00a0Argentina\u00a0y tras la controversia que existe entre sus posicionamientos y los del mandatario M\u00e9xicano,\u00a0Andr\u00e9s Manuel L\u00f3pez Obrador, este \u00faltimo\u00a0descart\u00f3 que est\u00e9 en riesgo una posible ruptura\u00a0de relaciones entre ambas naciones.<\/p>\n<p>En este sentido, en su conferencia\u00a0<em>ma\u00f1anera<\/em>, el mandatario mexicano indic\u00f3 que\u00a0\u201cuna naci\u00f3n no es s\u00f3lo su gobierno\u201d\u00a0y se\u00f1al\u00f3 que respeta la decisi\u00f3n de los argentinos que votaron por Javier Milei.<\/p>\n<blockquote><p>&#8220;No vamos a romper relaciones con Argentina, porque un pa\u00eds o una naci\u00f3n no es s\u00f3lo su gobierno, es su pueblo, fundamentalmente, y el pueblo de M\u00e9xico y el pueblo de Argentina tienen lazos de amistad y de solidaridad en momentos muy dif\u00edciles&#8221;, explic\u00f3 el tabasque\u00f1o.<\/p><\/blockquote>\n<p>El jefe de Estado record\u00f3 uno de los episodios en donde M\u00e9xico protegi\u00f3\u00a0a muchos ciudadanos argentinos, precisamente derivado de conflictos protagonizados por grupos de derecha de aquel pa\u00eds, por lo que reafirm\u00f3 que las relaciones con ese pueblo seguir\u00e1n en buenos t\u00e9rminos.<\/p>\n<blockquote><p>&#8220;Cuando la derecha se impuso hasta con el uso de las armas, militarizando Argentina, muchos, muchos argentinos fueron protegidos en M\u00e9xico, vivieron en nuestro pa\u00eds, muchos y tenemos con ellos y con todos los argentinos muy buena relaci\u00f3n&#8221;, manifest\u00f3.<\/p><\/blockquote>\n<p>Cabe se\u00f1alar que<strong>\u00a0Javier Milei ser\u00e1 el pr\u00f3ximo ocupante de la Casa Rosada<\/strong>\u00a0en Argentina (Palacio de Gobierno) a partir del 10 de diciembre y que su corriente de libertario ha causado pol\u00e9mica dentro y fuera de su pa\u00eds.<\/p>\n<p>&nbsp;<\/p>\n","protected":false},"excerpt":{"rendered":"<p>Despu\u00e9s del triunfo de Javier Mieli en las elecciones para elegir al nuevo presidente de\u00a0Argentina\u00a0y tras la controversia que existe entre sus posicionamientos y los del mandatario M\u00e9xicano,\u00a0Andr\u00e9s Manuel L\u00f3pez Obrador, este \u00faltimo\u00a0descart\u00f3 que est\u00e9 en riesgo una posible ruptura\u00a0de relaciones entre ambas naciones. En este sentido, en su conferencia\u00a0ma\u00f1anera, el mandatario mexicano indic\u00f3 que\u00a0\u201cuna &hellip;<\/p>\n","protected":false},"author":2,"featured_media":25582,"comment_status":"open","ping_status":"closed","sticky":false,"template":"","format":"standard","meta":[],"categories":[39],"tags":[98,513,6408,156],"_links":{"self":[{"href":"https:\/\/www.elgrillitosuena.com\/inicio\/wp-json\/wp\/v2\/posts\/25581"}],"collection":[{"href":"https:\/\/www.elgrillitosuena.com\/inicio\/wp-json\/wp\/v2\/posts"}],"about":[{"href":"https:\/\/www.elgrillitosuena.com\/inicio\/wp-json\/wp\/v2\/types\/post"}],"author":[{"embeddable":true,"href":"https:\/\/www.elgrillitosuena.com\/inicio\/wp-json\/wp\/v2\/users\/2"}],"replies":[{"embeddable":true,"href":"https:\/\/www.elgrillitosuena.com\/inicio\/wp-json\/wp\/v2\/comments?post=25581"}],"version-history":[{"count":1,"href":"https:\/\/www.elgrillitosuena.com\/inicio\/wp-json\/wp\/v2\/posts\/25581\/revisions"}],"predecessor-version":[{"id":25583,"href":"https:\/\/www.elgrillitosuena.com\/inicio\/wp-json\/wp\/v2\/posts\/25581\/revisions\/25583"}],"wp:featuredmedia":[{"embeddable":true,"href":"https:\/\/www.elgrillitosuena.com\/inicio\/wp-json\/wp\/v2\/media\/25582"}],"wp:attachment":[{"href":"https:\/\/www.elgrillitosuena.com\/inicio\/wp-json\/wp\/v2\/media?parent=25581"}],"wp:term":[{"taxonomy":"category","embeddable":true,"href":"https:\/\/www.elgrillitosuena.com\/inicio\/wp-json\/wp\/v2\/categories?post=25581"},{"taxonomy":"post_tag","embeddable":true,"href":"https:\/\/www.elgrillitosuena.com\/inicio\/wp-json\/wp\/v2\/tags?post=25581"}],"curies":[{"name":"wp","href":"https:\/\/api.w.org\/{rel}","templated":true}]}}