{"id":25459,"date":"2023-11-13T20:35:20","date_gmt":"2023-11-13T20:35:20","guid":{"rendered":"https:\/\/www.elgrillitosuena.com\/inicio\/?p=25459"},"modified":"2023-11-13T20:35:20","modified_gmt":"2023-11-13T20:35:20","slug":"alumno-de-cheran-gana-plata-en-olimpiada-de-fisica-en-honduras","status":"publish","type":"post","link":"https:\/\/www.elgrillitosuena.com\/inicio\/noticias\/michoacan\/alumno-de-cheran-gana-plata-en-olimpiada-de-fisica-en-honduras\/","title":{"rendered":"Alumno de Cher\u00e1n gana plata en Olimpiada de F\u00edsica en Honduras"},"content":{"rendered":"<p><img decoding=\"async\" loading=\"lazy\" class=\"alignnone  wp-image-25460\" src=\"https:\/\/www.elgrillitosuena.com\/inicio\/wp-content\/uploads\/2023\/11\/14-300x184.png\" alt=\"\" width=\"677\" height=\"415\" srcset=\"https:\/\/www.elgrillitosuena.com\/inicio\/wp-content\/uploads\/2023\/11\/14-300x184.png 300w, https:\/\/www.elgrillitosuena.com\/inicio\/wp-content\/uploads\/2023\/11\/14-768x471.png 768w, https:\/\/www.elgrillitosuena.com\/inicio\/wp-content\/uploads\/2023\/11\/14.png 852w\" sizes=\"(max-width: 677px) 100vw, 677px\" \/><\/p>\n<p>La Secretar\u00eda de Educaci\u00f3n del Estado (SEE) reconoce la destacada participaci\u00f3n de Jonathan Adri\u00e1n Leco Ramos, Colegio de Bachilleres de Michoac\u00e1n (Cobaem) plantel Cher\u00e1n, en la Olimpiada Centroamericana de F\u00edsica 2023, donde gan\u00f3 medalla de plata.<\/p>\n<p>&#8220;Nos da mucho gusto ver que el esfuerzo que Jonathan realiza ha dado frutos, es un alumno muy destacado, ejemplo de constancia y dedicaci\u00f3n\u201d, se\u00f1al\u00f3 la titular de la dependencia Gabriela Molina Aguilar.<\/p>\n<p>El joven estudiante del Colegio de Bachilleres de Michoac\u00e1n (Cobaem) plantel Cher\u00e1n, ha dedicado los \u00faltimos dos a\u00f1os de su vida a prepararse en f\u00edsica, apoyado de docentes y exol\u00edmpicos, y continuar\u00e1 su preparaci\u00f3n para en un futuro no muy lejano poder participar en la Olimpiada Internacional.<\/p>\n<p>En su octava edici\u00f3n, la Olimpiada Centroamericana y del Caribe de F\u00edsica Elemental se realiz\u00f3 en Honduras y participaron nueve pa\u00edses, entre ellos Colombia, Rep\u00fablica Dominicana, El Salvador, Per\u00fa como invitado especial, y M\u00e9xico.<\/p>\n","protected":false},"excerpt":{"rendered":"<p>La Secretar\u00eda de Educaci\u00f3n del Estado (SEE) reconoce la destacada participaci\u00f3n de Jonathan Adri\u00e1n Leco Ramos, Colegio de Bachilleres de Michoac\u00e1n (Cobaem) plantel Cher\u00e1n, en la Olimpiada Centroamericana de F\u00edsica 2023, donde gan\u00f3 medalla de plata. &#8220;Nos da mucho gusto ver que el esfuerzo que Jonathan realiza ha dado frutos, es un alumno muy destacado, &hellip;<\/p>\n","protected":false},"author":2,"featured_media":25460,"comment_status":"open","ping_status":"closed","sticky":false,"template":"","format":"standard","meta":[],"categories":[38],"tags":[3864,6092,1793,56],"_links":{"self":[{"href":"https:\/\/www.elgrillitosuena.com\/inicio\/wp-json\/wp\/v2\/posts\/25459"}],"collection":[{"href":"https:\/\/www.elgrillitosuena.com\/inicio\/wp-json\/wp\/v2\/posts"}],"about":[{"href":"https:\/\/www.elgrillitosuena.com\/inicio\/wp-json\/wp\/v2\/types\/post"}],"author":[{"embeddable":true,"href":"https:\/\/www.elgrillitosuena.com\/inicio\/wp-json\/wp\/v2\/users\/2"}],"replies":[{"embeddable":true,"href":"https:\/\/www.elgrillitosuena.com\/inicio\/wp-json\/wp\/v2\/comments?post=25459"}],"version-history":[{"count":1,"href":"https:\/\/www.elgrillitosuena.com\/inicio\/wp-json\/wp\/v2\/posts\/25459\/revisions"}],"predecessor-version":[{"id":25461,"href":"https:\/\/www.elgrillitosuena.com\/inicio\/wp-json\/wp\/v2\/posts\/25459\/revisions\/25461"}],"wp:featuredmedia":[{"embeddable":true,"href":"https:\/\/www.elgrillitosuena.com\/inicio\/wp-json\/wp\/v2\/media\/25460"}],"wp:attachment":[{"href":"https:\/\/www.elgrillitosuena.com\/inicio\/wp-json\/wp\/v2\/media?parent=25459"}],"wp:term":[{"taxonomy":"category","embeddable":true,"href":"https:\/\/www.elgrillitosuena.com\/inicio\/wp-json\/wp\/v2\/categories?post=25459"},{"taxonomy":"post_tag","embeddable":true,"href":"https:\/\/www.elgrillitosuena.com\/inicio\/wp-json\/wp\/v2\/tags?post=25459"}],"curies":[{"name":"wp","href":"https:\/\/api.w.org\/{rel}","templated":true}]}}