{"id":25349,"date":"2023-11-07T19:21:11","date_gmt":"2023-11-07T19:21:11","guid":{"rendered":"https:\/\/www.elgrillitosuena.com\/inicio\/?p=25349"},"modified":"2023-11-07T19:21:11","modified_gmt":"2023-11-07T19:21:11","slug":"arrancan-preparativos-de-la-caravana-navidena-2023","status":"publish","type":"post","link":"https:\/\/www.elgrillitosuena.com\/inicio\/noticias\/uruapan\/arrancan-preparativos-de-la-caravana-navidena-2023\/","title":{"rendered":"Arrancan preparativos de la Caravana Navide\u00f1a 2023"},"content":{"rendered":"<p><img decoding=\"async\" loading=\"lazy\" class=\"alignnone  wp-image-25350\" src=\"https:\/\/www.elgrillitosuena.com\/inicio\/wp-content\/uploads\/2023\/11\/15-300x193.png\" alt=\"\" width=\"662\" height=\"426\" srcset=\"https:\/\/www.elgrillitosuena.com\/inicio\/wp-content\/uploads\/2023\/11\/15-300x193.png 300w, https:\/\/www.elgrillitosuena.com\/inicio\/wp-content\/uploads\/2023\/11\/15-1024x659.png 1024w, https:\/\/www.elgrillitosuena.com\/inicio\/wp-content\/uploads\/2023\/11\/15-768x494.png 768w, https:\/\/www.elgrillitosuena.com\/inicio\/wp-content\/uploads\/2023\/11\/15.png 1350w\" sizes=\"(max-width: 662px) 100vw, 662px\" \/><\/p>\n<p>El Gobierno Municipal que preside Nacho Campos comenz\u00f3 los preparativos para la Caravana Navide\u00f1a 2023, que se llevar\u00e1 a cabo el s\u00e1bado 16 de diciembre, a partir de las 18:00 horas con la participaci\u00f3n de las distintas dependencias municipales, DIF y CAPASU, adem\u00e1s de empresas de la Iniciativa Privada, clubes, asociaciones civiles y otros sectores.<\/p>\n<p>La primera reuni\u00f3n del comit\u00e9 organizador fue encabezada por Yadira Ram\u00edrez Mora, presidenta honoraria del Sistema DIF Municipal, quien resalt\u00f3 que la coordinaci\u00f3n es muy importante para presentar una Caravana Navide\u00f1a muy atractiva, en la que los contingentes luzcan bellamente adornados y la gran cantidad de ni\u00f1os y adultos que se espera vean este espect\u00e1culo lo disfruten al m\u00e1ximo.<\/p>\n<p>Se acord\u00f3 que habr\u00e1 un control m\u00e1s estricto para que los contingentes se apeguen a la tem\u00e1tica y lineamientos de la convocatoria, as\u00ed como para evitar que se cuelen en la caravana autos, motos o personal que no cumpla con lo establecido en dicho documento.<\/p>\n<p>Al respecto, Marlenne Rodr\u00edguez Lino, secretaria de Fomento Econ\u00f3mico Municipal, indic\u00f3 que a la fecha van 50 veh\u00edculos registrados para participar; se\u00f1al\u00f3 que el recorrido de la caravana iniciar\u00e1 frente al parque La Pinera, pasar\u00e1 por el Paseo de la Revoluci\u00f3n, Paseo L\u00e1zaro C\u00e1rdenas, avenida Ju\u00e1rez, 5 de Febrero, centro, Ocampo, Independencia, Culver City, Emilio Carranza para terminar en el centro de la ciudad.<\/p>\n","protected":false},"excerpt":{"rendered":"<p>El Gobierno Municipal que preside Nacho Campos comenz\u00f3 los preparativos para la Caravana Navide\u00f1a 2023, que se llevar\u00e1 a cabo el s\u00e1bado 16 de diciembre, a partir de las 18:00 horas con la participaci\u00f3n de las distintas dependencias municipales, DIF y CAPASU, adem\u00e1s de empresas de la Iniciativa Privada, clubes, asociaciones civiles y otros sectores. &hellip;<\/p>\n","protected":false},"author":2,"featured_media":25350,"comment_status":"open","ping_status":"closed","sticky":false,"template":"","format":"standard","meta":[],"categories":[37],"tags":[5663,476,63],"_links":{"self":[{"href":"https:\/\/www.elgrillitosuena.com\/inicio\/wp-json\/wp\/v2\/posts\/25349"}],"collection":[{"href":"https:\/\/www.elgrillitosuena.com\/inicio\/wp-json\/wp\/v2\/posts"}],"about":[{"href":"https:\/\/www.elgrillitosuena.com\/inicio\/wp-json\/wp\/v2\/types\/post"}],"author":[{"embeddable":true,"href":"https:\/\/www.elgrillitosuena.com\/inicio\/wp-json\/wp\/v2\/users\/2"}],"replies":[{"embeddable":true,"href":"https:\/\/www.elgrillitosuena.com\/inicio\/wp-json\/wp\/v2\/comments?post=25349"}],"version-history":[{"count":1,"href":"https:\/\/www.elgrillitosuena.com\/inicio\/wp-json\/wp\/v2\/posts\/25349\/revisions"}],"predecessor-version":[{"id":25351,"href":"https:\/\/www.elgrillitosuena.com\/inicio\/wp-json\/wp\/v2\/posts\/25349\/revisions\/25351"}],"wp:featuredmedia":[{"embeddable":true,"href":"https:\/\/www.elgrillitosuena.com\/inicio\/wp-json\/wp\/v2\/media\/25350"}],"wp:attachment":[{"href":"https:\/\/www.elgrillitosuena.com\/inicio\/wp-json\/wp\/v2\/media?parent=25349"}],"wp:term":[{"taxonomy":"category","embeddable":true,"href":"https:\/\/www.elgrillitosuena.com\/inicio\/wp-json\/wp\/v2\/categories?post=25349"},{"taxonomy":"post_tag","embeddable":true,"href":"https:\/\/www.elgrillitosuena.com\/inicio\/wp-json\/wp\/v2\/tags?post=25349"}],"curies":[{"name":"wp","href":"https:\/\/api.w.org\/{rel}","templated":true}]}}