{"id":25191,"date":"2023-10-14T14:00:52","date_gmt":"2023-10-14T14:00:52","guid":{"rendered":"https:\/\/www.elgrillitosuena.com\/inicio\/?p=25191"},"modified":"2023-10-23T20:02:56","modified_gmt":"2023-10-23T20:02:56","slug":"inauguran-festival-por-el-dia-mundial-de-la-medicina-natural","status":"publish","type":"post","link":"https:\/\/www.elgrillitosuena.com\/inicio\/uncategorized\/inauguran-festival-por-el-dia-mundial-de-la-medicina-natural\/","title":{"rendered":"Inauguran festival por el D\u00eda Mundial de la Medicina Natural"},"content":{"rendered":"<p><img decoding=\"async\" loading=\"lazy\" class=\"alignnone  wp-image-25192\" src=\"https:\/\/www.elgrillitosuena.com\/inicio\/wp-content\/uploads\/2023\/10\/5-1-300x200.png\" alt=\"\" width=\"654\" height=\"436\" srcset=\"https:\/\/www.elgrillitosuena.com\/inicio\/wp-content\/uploads\/2023\/10\/5-1-300x200.png 300w, https:\/\/www.elgrillitosuena.com\/inicio\/wp-content\/uploads\/2023\/10\/5-1-1024x683.png 1024w, https:\/\/www.elgrillitosuena.com\/inicio\/wp-content\/uploads\/2023\/10\/5-1-768x512.png 768w, https:\/\/www.elgrillitosuena.com\/inicio\/wp-content\/uploads\/2023\/10\/5-1.png 1500w\" sizes=\"(max-width: 654px) 100vw, 654px\" \/><\/p>\n<p>Para conmemorar el D\u00eda Mundial de la Medicina Natural, el Gobierno Municipal, a trav\u00e9s de la Secretar\u00eda de Fomento Econ\u00f3mico, inaugur\u00f3 un festival con venta de productos hol\u00edsticos y herbolarios, medicina natural y terapeutas en la P\u00e9rgola municipal, hasta el domingo 15 de octubre.<\/p>\n<p>Al respecto, Marlenne Rodr\u00edguez Lino, secretaria de Fomento Econ\u00f3mico, explic\u00f3 que estos eventos son una iniciativa de Nacho Campos para darle un realce a la econom\u00eda social y que diferentes sectores tengan una reactivaci\u00f3n econ\u00f3mica, con mayor oportunidad para que se den a conocer y, de esta forma, la ciudadan\u00eda conozca de m\u00e1s alternativas para sanar mente y cuerpo.<\/p>\n<p>Por su parte, Jaime Verduzco Ortega, secretario de Bienestar y Pol\u00edtica Social, resalt\u00f3 que este tipo de encuentros permiten que los conocimientos ancestrales sigan vigentes en la sociedad, as\u00ed como la cultura pur\u00e9pecha; mientras que Griselda \u00c1lvarez Tzintzun, directora de Econom\u00eda Social y Solidaria, inform\u00f3 que se trata de 48 stands que ofrecen sus servicios a la ciudadan\u00eda, adem\u00e1s de danza regional y eventos culturales.<\/p>\n","protected":false},"excerpt":{"rendered":"<p>Para conmemorar el D\u00eda Mundial de la Medicina Natural, el Gobierno Municipal, a trav\u00e9s de la Secretar\u00eda de Fomento Econ\u00f3mico, inaugur\u00f3 un festival con venta de productos hol\u00edsticos y herbolarios, medicina natural y terapeutas en la P\u00e9rgola municipal, hasta el domingo 15 de octubre. Al respecto, Marlenne Rodr\u00edguez Lino, secretaria de Fomento Econ\u00f3mico, explic\u00f3 que &hellip;<\/p>\n","protected":false},"author":2,"featured_media":25192,"comment_status":"open","ping_status":"closed","sticky":false,"template":"","format":"standard","meta":[],"categories":[1],"tags":[6313,63],"_links":{"self":[{"href":"https:\/\/www.elgrillitosuena.com\/inicio\/wp-json\/wp\/v2\/posts\/25191"}],"collection":[{"href":"https:\/\/www.elgrillitosuena.com\/inicio\/wp-json\/wp\/v2\/posts"}],"about":[{"href":"https:\/\/www.elgrillitosuena.com\/inicio\/wp-json\/wp\/v2\/types\/post"}],"author":[{"embeddable":true,"href":"https:\/\/www.elgrillitosuena.com\/inicio\/wp-json\/wp\/v2\/users\/2"}],"replies":[{"embeddable":true,"href":"https:\/\/www.elgrillitosuena.com\/inicio\/wp-json\/wp\/v2\/comments?post=25191"}],"version-history":[{"count":1,"href":"https:\/\/www.elgrillitosuena.com\/inicio\/wp-json\/wp\/v2\/posts\/25191\/revisions"}],"predecessor-version":[{"id":25193,"href":"https:\/\/www.elgrillitosuena.com\/inicio\/wp-json\/wp\/v2\/posts\/25191\/revisions\/25193"}],"wp:featuredmedia":[{"embeddable":true,"href":"https:\/\/www.elgrillitosuena.com\/inicio\/wp-json\/wp\/v2\/media\/25192"}],"wp:attachment":[{"href":"https:\/\/www.elgrillitosuena.com\/inicio\/wp-json\/wp\/v2\/media?parent=25191"}],"wp:term":[{"taxonomy":"category","embeddable":true,"href":"https:\/\/www.elgrillitosuena.com\/inicio\/wp-json\/wp\/v2\/categories?post=25191"},{"taxonomy":"post_tag","embeddable":true,"href":"https:\/\/www.elgrillitosuena.com\/inicio\/wp-json\/wp\/v2\/tags?post=25191"}],"curies":[{"name":"wp","href":"https:\/\/api.w.org\/{rel}","templated":true}]}}