{"id":2514,"date":"2020-11-23T01:34:56","date_gmt":"2020-11-23T01:34:56","guid":{"rendered":"https:\/\/www.elgrillitosuena.com\/inicio\/?p=2514"},"modified":"2020-11-23T04:46:39","modified_gmt":"2020-11-23T04:46:39","slug":"fallece-jose-manuel-mireles-por-covid-19","status":"publish","type":"post","link":"https:\/\/www.elgrillitosuena.com\/inicio\/noticias\/michoacan\/fallece-jose-manuel-mireles-por-covid-19\/","title":{"rendered":"Fallece Jos\u00e9 Manuel Mireles por COVID-19"},"content":{"rendered":"<p><span style=\"color: #0000ff\"><b>Jos\u00e9 Manuel Mireles Valverde<\/b><\/span>, subdelegado del Instituto de Seguridad y Servicios Sociales de los Trabajadores del Estado (ISSSTE) en Michoac\u00e1n, <strong><span style=\"color: #0000ff\">falleci\u00f3<\/span><\/strong> esta tarde de Domingo 22, debido a complicaciones por Covid-19.<\/p>\n<p><img decoding=\"async\" loading=\"lazy\" class=\"aligncenter size-full wp-image-2515\" src=\"https:\/\/www.elgrillitosuena.com\/inicio\/wp-content\/uploads\/2020\/11\/A1Mireles.jpg\" alt=\"\" width=\"284\" height=\"177\" \/><\/p>\n<p>&nbsp;<\/p>\n<p>As\u00ed lo dio a conocer\u00a0<span style=\"color: #0000ff\"><b>Estephania Valdes<\/b><\/span>, esposa del ex autodefensa, y amigos cercanos quienes a trav\u00e9s de redes sociales se\u00f1alaron que <span style=\"color: #0000ff\">Mireles Valverde<\/span> se encontraba muy delicado de salud.<\/p>\n<p>&nbsp;<\/p>\n<p><strong><span style=\"color: #0000ff\">Mireles Valverde<\/span><\/strong>, fundador de los grupos de autodefensas en Michoac\u00e1n, ingres\u00f3 a terapia intensiva y se encontraba en estado grave, luego de haberse infectado con COVID-19.<\/p>\n<p><img decoding=\"async\" loading=\"lazy\" class=\"aligncenter size-full wp-image-2516\" src=\"https:\/\/www.elgrillitosuena.com\/inicio\/wp-content\/uploads\/2020\/11\/A2Mireles.jpg\" alt=\"\" width=\"259\" height=\"194\" \/><\/p>\n<p>&nbsp;<\/p>\n<p>El pasado 5 de noviembre, el subdelegado de servicios m\u00e9dicos del ISSSTE en Michoac\u00e1n, report\u00f3 que esperaba el resultado de una prueba para determinar si era portador de COVID-19. Un d\u00eda despu\u00e9s, confirm\u00f3 que era positivo y ten\u00eda algunos s\u00edntomas.<\/p>\n<p><img decoding=\"async\" loading=\"lazy\" class=\"aligncenter size-full wp-image-2520\" src=\"https:\/\/www.elgrillitosuena.com\/inicio\/wp-content\/uploads\/2020\/11\/FB_IMG_1606106579797.jpg\" alt=\"\" width=\"720\" height=\"469\" srcset=\"https:\/\/www.elgrillitosuena.com\/inicio\/wp-content\/uploads\/2020\/11\/FB_IMG_1606106579797.jpg 720w, https:\/\/www.elgrillitosuena.com\/inicio\/wp-content\/uploads\/2020\/11\/FB_IMG_1606106579797-300x195.jpg 300w\" sizes=\"(max-width: 720px) 100vw, 720px\" \/><\/p>\n<p>&nbsp;<\/p>\n","protected":false},"excerpt":{"rendered":"<p>Jos\u00e9 Manuel Mireles Valverde, subdelegado del Instituto de Seguridad y Servicios Sociales de los Trabajadores del Estado (ISSSTE) en Michoac\u00e1n, falleci\u00f3 esta tarde de Domingo 22, debido a complicaciones por Covid-19. &nbsp; As\u00ed lo dio a conocer\u00a0Estephania Valdes, esposa del ex autodefensa, y amigos cercanos quienes a trav\u00e9s de redes sociales se\u00f1alaron que Mireles Valverde &hellip;<\/p>\n","protected":false},"author":2,"featured_media":2516,"comment_status":"open","ping_status":"closed","sticky":false,"template":"","format":"standard","meta":[],"categories":[38,51],"tags":[165,591,592],"_links":{"self":[{"href":"https:\/\/www.elgrillitosuena.com\/inicio\/wp-json\/wp\/v2\/posts\/2514"}],"collection":[{"href":"https:\/\/www.elgrillitosuena.com\/inicio\/wp-json\/wp\/v2\/posts"}],"about":[{"href":"https:\/\/www.elgrillitosuena.com\/inicio\/wp-json\/wp\/v2\/types\/post"}],"author":[{"embeddable":true,"href":"https:\/\/www.elgrillitosuena.com\/inicio\/wp-json\/wp\/v2\/users\/2"}],"replies":[{"embeddable":true,"href":"https:\/\/www.elgrillitosuena.com\/inicio\/wp-json\/wp\/v2\/comments?post=2514"}],"version-history":[{"count":2,"href":"https:\/\/www.elgrillitosuena.com\/inicio\/wp-json\/wp\/v2\/posts\/2514\/revisions"}],"predecessor-version":[{"id":2521,"href":"https:\/\/www.elgrillitosuena.com\/inicio\/wp-json\/wp\/v2\/posts\/2514\/revisions\/2521"}],"wp:featuredmedia":[{"embeddable":true,"href":"https:\/\/www.elgrillitosuena.com\/inicio\/wp-json\/wp\/v2\/media\/2516"}],"wp:attachment":[{"href":"https:\/\/www.elgrillitosuena.com\/inicio\/wp-json\/wp\/v2\/media?parent=2514"}],"wp:term":[{"taxonomy":"category","embeddable":true,"href":"https:\/\/www.elgrillitosuena.com\/inicio\/wp-json\/wp\/v2\/categories?post=2514"},{"taxonomy":"post_tag","embeddable":true,"href":"https:\/\/www.elgrillitosuena.com\/inicio\/wp-json\/wp\/v2\/tags?post=2514"}],"curies":[{"name":"wp","href":"https:\/\/api.w.org\/{rel}","templated":true}]}}