{"id":25005,"date":"2023-09-27T19:10:24","date_gmt":"2023-09-27T19:10:24","guid":{"rendered":"https:\/\/www.elgrillitosuena.com\/inicio\/?p=25005"},"modified":"2023-09-27T19:10:24","modified_gmt":"2023-09-27T19:10:24","slug":"irak-declara-tres-dias-de-luto-por-el-incendio-durante-una-boda-con-un-centenar-de-muertos","status":"publish","type":"post","link":"https:\/\/www.elgrillitosuena.com\/inicio\/noticias\/mundo\/irak-declara-tres-dias-de-luto-por-el-incendio-durante-una-boda-con-un-centenar-de-muertos\/","title":{"rendered":"Irak declara tres d\u00edas de luto por el incendio durante una boda con un centenar de muertos"},"content":{"rendered":"<p><img decoding=\"async\" loading=\"lazy\" class=\"alignnone  wp-image-25006\" src=\"https:\/\/www.elgrillitosuena.com\/inicio\/wp-content\/uploads\/2023\/09\/al-menos-un-centenar-de-muertos-y-mas-de-150-heridos-por-un-incendio-en-una-boda-en-irak-134336-300x169.jpg\" alt=\"\" width=\"778\" height=\"438\" srcset=\"https:\/\/www.elgrillitosuena.com\/inicio\/wp-content\/uploads\/2023\/09\/al-menos-un-centenar-de-muertos-y-mas-de-150-heridos-por-un-incendio-en-una-boda-en-irak-134336-300x169.jpg 300w, https:\/\/www.elgrillitosuena.com\/inicio\/wp-content\/uploads\/2023\/09\/al-menos-un-centenar-de-muertos-y-mas-de-150-heridos-por-un-incendio-en-una-boda-en-irak-134336-1024x575.jpg 1024w, https:\/\/www.elgrillitosuena.com\/inicio\/wp-content\/uploads\/2023\/09\/al-menos-un-centenar-de-muertos-y-mas-de-150-heridos-por-un-incendio-en-una-boda-en-irak-134336-768x432.jpg 768w, https:\/\/www.elgrillitosuena.com\/inicio\/wp-content\/uploads\/2023\/09\/al-menos-un-centenar-de-muertos-y-mas-de-150-heridos-por-un-incendio-en-una-boda-en-irak-134336.jpg 1242w\" sizes=\"(max-width: 778px) 100vw, 778px\" \/><\/p>\n<p>El primer ministro de Irak, Mohamed Shia al Sudani, declar\u00f3 tres d\u00edas de luto en todo el pa\u00eds tras el incendio durante la celebraci\u00f3n de una boda en la provincia norte\u00f1a de N\u00ednive que se ha saldado hasta el momento con al menos 114 muertos y m\u00e1s de 200 heridos, en una de las peores tragedias de este tipo en Irak en los \u00faltimos a\u00f1os.<\/p>\n<p>Asimismo, el gobernador de la regi\u00f3n de N\u00ednive, Najm al Yubori, tambi\u00e9n declar\u00f3 una semana de duelo en la provincia, y orden\u00f3 a todos los departamentos que realicen un minuto de silencio el jueves, adem\u00e1s de pedir a las autoridades religiosas de la regi\u00f3n que recen por las v\u00edctimas, seg\u00fan un comunicado.<\/p>\n<p>La misi\u00f3n de Naciones Unidas en Irak calific\u00f3 el incendio de &#8220;una inmensa tragedia&#8221;, dijo que su personal est\u00e1 &#8220;conmocionado y dolido por la horrible p\u00e9rdida de vidas&#8221; y traslad\u00f3 el p\u00e9same a los familiares de los fallecidos, seg\u00fan un comunicado.<\/p>\n<p>El incendio tuvo lugar en la sala de fiestas Al Haitham Hall, durante la celebraci\u00f3n de una boda cristiana que congreg\u00f3 a unas 600 personas, seg\u00fan fuentes presenciales consultadas por EFE.<\/p>\n<p>De acuerdo con informes preliminares de la Defensa Civil iraqu\u00ed, el fuego habr\u00eda sido provocado por el uso de fuegos artificiales en el interior de la sala, que estaba cubierta de paneles de pl\u00e1stico Ecobond &#8220;altamente inflamables&#8221; y no permitidos para la construcci\u00f3n de este tipo de instalaciones.<\/p>\n<p>Seg\u00fan v\u00eddeos difundidos en redes sociales, el fuego provoc\u00f3 el colapso del techo y las llamas engulleron la pista donde el novio y la novia estaban bailando rodeados de sus allegados.<\/p>\n<p>Por ello, el ministro de Interior, Abdul Amir al Shammari, orden\u00f3 la formaci\u00f3n de un comit\u00e9 de investigaci\u00f3n para esclarecer los hechos, y anunci\u00f3 la emisi\u00f3n de \u00f3rdenes de arresto contra cuatro de los due\u00f1os del local, a los que acusan de no cumplir los est\u00e1ndares m\u00ednimos de construcci\u00f3n.<\/p>\n<p>Asimismo, seg\u00fan la agencia de noticias estatal iraqu\u00ed INA, las autoridades han arrestado ya a nueve trabajadores de la sala para someterlos a interrogatorio.<\/p>\n<p>La comunidad cristiana en Irak est\u00e1 integrada por entre 200.000 y 500.000 personas, seg\u00fan diversas estimaciones, y se concentra principalmente en el norte de Irak, siendo N\u00ednive el principal basti\u00f3n de esta minor\u00eda religiosa.<\/p>\n<p>En Irak son habituales los incendios en instalaciones, especialmente con el aumento de las temperaturas del verano y debido a la falta de mantenimiento y al pobre estado de la infraestructura de un pa\u00eds que todav\u00eda est\u00e1 en proceso de reconstrucci\u00f3n tras d\u00e9cadas de guerra y violencia sectaria.<\/p>\n<p>En julio de 2021, en un hospital de Nasiriya, en el sur de Irak, murieron 60 pacientes de coronavirus, una tragedia que desencaden\u00f3 protestas populares para pedir que los responsables de la negligencia fueran llevados ante la Justicia. EFE<\/p>\n","protected":false},"excerpt":{"rendered":"<p>El primer ministro de Irak, Mohamed Shia al Sudani, declar\u00f3 tres d\u00edas de luto en todo el pa\u00eds tras el incendio durante la celebraci\u00f3n de una boda en la provincia norte\u00f1a de N\u00ednive que se ha saldado hasta el momento con al menos 114 muertos y m\u00e1s de 200 heridos, en una de las peores &hellip;<\/p>\n","protected":false},"author":2,"featured_media":25006,"comment_status":"open","ping_status":"closed","sticky":false,"template":"","format":"standard","meta":[],"categories":[40],"tags":[6275,1302,1669],"_links":{"self":[{"href":"https:\/\/www.elgrillitosuena.com\/inicio\/wp-json\/wp\/v2\/posts\/25005"}],"collection":[{"href":"https:\/\/www.elgrillitosuena.com\/inicio\/wp-json\/wp\/v2\/posts"}],"about":[{"href":"https:\/\/www.elgrillitosuena.com\/inicio\/wp-json\/wp\/v2\/types\/post"}],"author":[{"embeddable":true,"href":"https:\/\/www.elgrillitosuena.com\/inicio\/wp-json\/wp\/v2\/users\/2"}],"replies":[{"embeddable":true,"href":"https:\/\/www.elgrillitosuena.com\/inicio\/wp-json\/wp\/v2\/comments?post=25005"}],"version-history":[{"count":1,"href":"https:\/\/www.elgrillitosuena.com\/inicio\/wp-json\/wp\/v2\/posts\/25005\/revisions"}],"predecessor-version":[{"id":25007,"href":"https:\/\/www.elgrillitosuena.com\/inicio\/wp-json\/wp\/v2\/posts\/25005\/revisions\/25007"}],"wp:featuredmedia":[{"embeddable":true,"href":"https:\/\/www.elgrillitosuena.com\/inicio\/wp-json\/wp\/v2\/media\/25006"}],"wp:attachment":[{"href":"https:\/\/www.elgrillitosuena.com\/inicio\/wp-json\/wp\/v2\/media?parent=25005"}],"wp:term":[{"taxonomy":"category","embeddable":true,"href":"https:\/\/www.elgrillitosuena.com\/inicio\/wp-json\/wp\/v2\/categories?post=25005"},{"taxonomy":"post_tag","embeddable":true,"href":"https:\/\/www.elgrillitosuena.com\/inicio\/wp-json\/wp\/v2\/tags?post=25005"}],"curies":[{"name":"wp","href":"https:\/\/api.w.org\/{rel}","templated":true}]}}