{"id":25002,"date":"2023-09-27T19:05:24","date_gmt":"2023-09-27T19:05:24","guid":{"rendered":"https:\/\/www.elgrillitosuena.com\/inicio\/?p=25002"},"modified":"2023-09-27T19:05:24","modified_gmt":"2023-09-27T19:05:24","slug":"magisterio-transformador-de-comunidades-nacho-campos","status":"publish","type":"post","link":"https:\/\/www.elgrillitosuena.com\/inicio\/noticias\/uruapan\/magisterio-transformador-de-comunidades-nacho-campos\/","title":{"rendered":"Magisterio, transformador de comunidades: Nacho Campos"},"content":{"rendered":"<p><img decoding=\"async\" loading=\"lazy\" class=\"alignnone  wp-image-25003\" src=\"https:\/\/www.elgrillitosuena.com\/inicio\/wp-content\/uploads\/2023\/09\/10-1-300x200.png\" alt=\"\" width=\"743\" height=\"495\" srcset=\"https:\/\/www.elgrillitosuena.com\/inicio\/wp-content\/uploads\/2023\/09\/10-1-300x200.png 300w, https:\/\/www.elgrillitosuena.com\/inicio\/wp-content\/uploads\/2023\/09\/10-1-768x512.png 768w, https:\/\/www.elgrillitosuena.com\/inicio\/wp-content\/uploads\/2023\/09\/10-1.png 1024w\" sizes=\"(max-width: 743px) 100vw, 743px\" \/><\/p>\n<p>Con el nuevo modelo educativo plasmado en la Nueva Escuela Mexicana, los profesores volver\u00e1n a tener un rol preponderante en el desarrollo y ser\u00e1n los grandes transformadores de comunidades, como era en anta\u00f1o, cuando el maestro impulsaba el trabajo comunitario, resalt\u00f3 Nacho Campos, presidente municipal de Uruapan, al reunirse con directivos y docentes de la Escuela Secundaria T\u00e9cnica 66.<\/p>\n<p>Nacho Campos destac\u00f3 que, gracias a la lucha del magisterio, fue posible que Uruapan contara desde hace muchos a\u00f1os con la cl\u00ednica-hospital del ISSSTE, que llegaran los Cendis y muchos otros beneficios para los habitantes de este municipio, en donde el presidente municipal impulsa el movimiento transformador y lo hace con el acompa\u00f1amiento de diversos sectores de la poblaci\u00f3n.<\/p>\n<p>Agreg\u00f3 que el nuevo modelo educativo que promueve el Gobierno Federal tambi\u00e9n impulsa el humanismo como valor a rescatar para construir un mejor futuro; consider\u00f3 que la educaci\u00f3n es la base del desarrollo de cualquier sociedad. En este marco, Nacho Campos acord\u00f3 visitar el plantel se\u00f1alado, con el objetivo de identificar la obra prioritaria para el 2024.<\/p>\n","protected":false},"excerpt":{"rendered":"<p>Con el nuevo modelo educativo plasmado en la Nueva Escuela Mexicana, los profesores volver\u00e1n a tener un rol preponderante en el desarrollo y ser\u00e1n los grandes transformadores de comunidades, como era en anta\u00f1o, cuando el maestro impulsaba el trabajo comunitario, resalt\u00f3 Nacho Campos, presidente municipal de Uruapan, al reunirse con directivos y docentes de la &hellip;<\/p>\n","protected":false},"author":2,"featured_media":25003,"comment_status":"open","ping_status":"closed","sticky":false,"template":"","format":"standard","meta":[],"categories":[37],"tags":[751,3728,1588],"_links":{"self":[{"href":"https:\/\/www.elgrillitosuena.com\/inicio\/wp-json\/wp\/v2\/posts\/25002"}],"collection":[{"href":"https:\/\/www.elgrillitosuena.com\/inicio\/wp-json\/wp\/v2\/posts"}],"about":[{"href":"https:\/\/www.elgrillitosuena.com\/inicio\/wp-json\/wp\/v2\/types\/post"}],"author":[{"embeddable":true,"href":"https:\/\/www.elgrillitosuena.com\/inicio\/wp-json\/wp\/v2\/users\/2"}],"replies":[{"embeddable":true,"href":"https:\/\/www.elgrillitosuena.com\/inicio\/wp-json\/wp\/v2\/comments?post=25002"}],"version-history":[{"count":1,"href":"https:\/\/www.elgrillitosuena.com\/inicio\/wp-json\/wp\/v2\/posts\/25002\/revisions"}],"predecessor-version":[{"id":25004,"href":"https:\/\/www.elgrillitosuena.com\/inicio\/wp-json\/wp\/v2\/posts\/25002\/revisions\/25004"}],"wp:featuredmedia":[{"embeddable":true,"href":"https:\/\/www.elgrillitosuena.com\/inicio\/wp-json\/wp\/v2\/media\/25003"}],"wp:attachment":[{"href":"https:\/\/www.elgrillitosuena.com\/inicio\/wp-json\/wp\/v2\/media?parent=25002"}],"wp:term":[{"taxonomy":"category","embeddable":true,"href":"https:\/\/www.elgrillitosuena.com\/inicio\/wp-json\/wp\/v2\/categories?post=25002"},{"taxonomy":"post_tag","embeddable":true,"href":"https:\/\/www.elgrillitosuena.com\/inicio\/wp-json\/wp\/v2\/tags?post=25002"}],"curies":[{"name":"wp","href":"https:\/\/api.w.org\/{rel}","templated":true}]}}