{"id":24753,"date":"2023-08-24T21:15:52","date_gmt":"2023-08-24T21:15:52","guid":{"rendered":"https:\/\/www.elgrillitosuena.com\/inicio\/?p=24753"},"modified":"2023-08-25T18:55:43","modified_gmt":"2023-08-25T18:55:43","slug":"gobierno-de-nacho-campos-brinda-seguridad-a-estudiantes-y-vecinos","status":"publish","type":"post","link":"https:\/\/www.elgrillitosuena.com\/inicio\/noticias\/uruapan\/gobierno-de-nacho-campos-brinda-seguridad-a-estudiantes-y-vecinos\/","title":{"rendered":"Gobierno de Nacho Campos brinda seguridad a estudiantes y vecinos"},"content":{"rendered":"<p><img decoding=\"async\" loading=\"lazy\" class=\"alignnone  wp-image-24754\" src=\"https:\/\/www.elgrillitosuena.com\/inicio\/wp-content\/uploads\/2023\/08\/1-2-300x200.png\" alt=\"\" width=\"717\" height=\"478\" srcset=\"https:\/\/www.elgrillitosuena.com\/inicio\/wp-content\/uploads\/2023\/08\/1-2-300x200.png 300w, https:\/\/www.elgrillitosuena.com\/inicio\/wp-content\/uploads\/2023\/08\/1-2-1024x683.png 1024w, https:\/\/www.elgrillitosuena.com\/inicio\/wp-content\/uploads\/2023\/08\/1-2-768x512.png 768w, https:\/\/www.elgrillitosuena.com\/inicio\/wp-content\/uploads\/2023\/08\/1-2.png 1280w\" sizes=\"(max-width: 717px) 100vw, 717px\" \/><\/p>\n<p>Luego de muchos a\u00f1os en abandono, y a petici\u00f3n de estudiantes y colonos, el Gobierno Municipal de Nacho Campos realiz\u00f3 trabajos de mantenimiento y rehabilitaci\u00f3n en el pasaje conocido como \u201cel callej\u00f3n de las prepas\u201d, que une a la calle Tulip\u00e1n con la avenida L\u00e1zaro C\u00e1rdenas, en los terrenos de la EPCA.<\/p>\n<p>Durante la rehabilitaci\u00f3n, se realiz\u00f3 trabajos de limpieza y poda de c\u00e9sped, se coloc\u00f3 nuevo cableado y se remplazaron ocho l\u00e1mparas obsoletas por luminarias con tecnolog\u00eda led dentro del programa municipal Iluminando Uruapan. Adem\u00e1s de ello se reforzaron los recorridos de disuasi\u00f3n y prevenci\u00f3n de delito.<\/p>\n<p>Con estas acciones, el presidente municipal, Nacho Campos, cumple una deuda pendiente que los gobiernos anteriores ten\u00edan con colonos de esta zona y, por otro lado, brinda mayor seguridad y confianza para los cientos de estudiantes y personas que a diario transitan por este lugar.<\/p>\n","protected":false},"excerpt":{"rendered":"<p>Luego de muchos a\u00f1os en abandono, y a petici\u00f3n de estudiantes y colonos, el Gobierno Municipal de Nacho Campos realiz\u00f3 trabajos de mantenimiento y rehabilitaci\u00f3n en el pasaje conocido como \u201cel callej\u00f3n de las prepas\u201d, que une a la calle Tulip\u00e1n con la avenida L\u00e1zaro C\u00e1rdenas, en los terrenos de la EPCA. Durante la rehabilitaci\u00f3n, &hellip;<\/p>\n","protected":false},"author":2,"featured_media":24754,"comment_status":"open","ping_status":"closed","sticky":false,"template":"","format":"standard","meta":[],"categories":[37],"tags":[1193,216,1588],"_links":{"self":[{"href":"https:\/\/www.elgrillitosuena.com\/inicio\/wp-json\/wp\/v2\/posts\/24753"}],"collection":[{"href":"https:\/\/www.elgrillitosuena.com\/inicio\/wp-json\/wp\/v2\/posts"}],"about":[{"href":"https:\/\/www.elgrillitosuena.com\/inicio\/wp-json\/wp\/v2\/types\/post"}],"author":[{"embeddable":true,"href":"https:\/\/www.elgrillitosuena.com\/inicio\/wp-json\/wp\/v2\/users\/2"}],"replies":[{"embeddable":true,"href":"https:\/\/www.elgrillitosuena.com\/inicio\/wp-json\/wp\/v2\/comments?post=24753"}],"version-history":[{"count":1,"href":"https:\/\/www.elgrillitosuena.com\/inicio\/wp-json\/wp\/v2\/posts\/24753\/revisions"}],"predecessor-version":[{"id":24755,"href":"https:\/\/www.elgrillitosuena.com\/inicio\/wp-json\/wp\/v2\/posts\/24753\/revisions\/24755"}],"wp:featuredmedia":[{"embeddable":true,"href":"https:\/\/www.elgrillitosuena.com\/inicio\/wp-json\/wp\/v2\/media\/24754"}],"wp:attachment":[{"href":"https:\/\/www.elgrillitosuena.com\/inicio\/wp-json\/wp\/v2\/media?parent=24753"}],"wp:term":[{"taxonomy":"category","embeddable":true,"href":"https:\/\/www.elgrillitosuena.com\/inicio\/wp-json\/wp\/v2\/categories?post=24753"},{"taxonomy":"post_tag","embeddable":true,"href":"https:\/\/www.elgrillitosuena.com\/inicio\/wp-json\/wp\/v2\/tags?post=24753"}],"curies":[{"name":"wp","href":"https:\/\/api.w.org\/{rel}","templated":true}]}}