{"id":24695,"date":"2023-08-15T20:17:19","date_gmt":"2023-08-15T20:17:19","guid":{"rendered":"https:\/\/www.elgrillitosuena.com\/inicio\/?p=24695"},"modified":"2023-08-15T20:17:19","modified_gmt":"2023-08-15T20:17:19","slug":"vandalizan-monumento-de-los-homosexuales-perseguidos-por-el-nazismo-en-berlin","status":"publish","type":"post","link":"https:\/\/www.elgrillitosuena.com\/inicio\/noticias\/mundo\/vandalizan-monumento-de-los-homosexuales-perseguidos-por-el-nazismo-en-berlin\/","title":{"rendered":"Vandalizan monumento de los homosexuales perseguidos por el nazismo en Berl\u00edn"},"content":{"rendered":"<p><img decoding=\"async\" loading=\"lazy\" class=\"alignnone  wp-image-24696\" src=\"https:\/\/www.elgrillitosuena.com\/inicio\/wp-content\/uploads\/2023\/08\/2992351-300x225.jpg\" alt=\"\" width=\"717\" height=\"538\" srcset=\"https:\/\/www.elgrillitosuena.com\/inicio\/wp-content\/uploads\/2023\/08\/2992351-300x225.jpg 300w, https:\/\/www.elgrillitosuena.com\/inicio\/wp-content\/uploads\/2023\/08\/2992351-768x576.jpg 768w, https:\/\/www.elgrillitosuena.com\/inicio\/wp-content\/uploads\/2023\/08\/2992351.jpg 800w\" sizes=\"(max-width: 717px) 100vw, 717px\" \/><\/p>\n<p>Un monumento en memoria de los homosexuales perseguidos por el nazismo fue vandalizado en Berl\u00edn, inform\u00f3 la polic\u00eda este martes.\u00a0El acto ocurri\u00f3 el s\u00e1bado cuando un desconocido arroj\u00f3 un objeto en llamas\u00a0en direcci\u00f3n al monumento,\u00a0que no prendi\u00f3 fuego, se\u00f1al\u00f3 el cuerpo armado, que ha abierto una investigaci\u00f3n.<\/p>\n<p>La misma persona coloc\u00f3 carteles en el monumento, en los cuales hab\u00eda vers\u00edculos del Antiguo Testamento que sugieren la pena de muerte para &#8220;un hombre que tenga relaciones sexuales con otro hombre&#8221;, a\u00f1adi\u00f3 la polic\u00eda.<\/p>\n<blockquote><p>&#8220;Este pasaje de la Biblia suele usarse de manera abusiva contra los homosexuales&#8221;, manifest\u00f3 la Federaci\u00f3n de Gays y Lesbianas de Berl\u00edn en un comunicado.<\/p><\/blockquote>\n<p>El monumento, dedicado a los &#8220;Tri\u00e1ngulos rosas&#8221; \u2014el s\u00edmbolo que deb\u00eda llevar en los campos de concentraci\u00f3n los miles de homosexuales deportados o torturados por los nazis\u2014\u00a0fue inaugurado en mayo de 2008 y se sit\u00faa en pleno centro de Berl\u00edn, cerca del memorial del Holocausto.\u00a0Se trata de un cubo de hormig\u00f3n de cinco metros de altura con una ventana oblicua\u00a0a trav\u00e9s de la cual los transe\u00fantes pueden ver un v\u00eddeo que muestra un beso entre dos hombres.<\/p>\n<p>M\u00e1s de 50 mil\u00a0personas fueron condenadas por su orientaci\u00f3n sexual durante la \u00e9poca nazi,\u00a0a ra\u00edz de un art\u00edculo del c\u00f3digo penal que no fue derogado hasta 1969. La homosexualidad se despenaliz\u00f3 completamente en Alemania en 1994. En la \u00e9poca nazi, se estima que entre 5 mil\u00a0y 15 mil\u00a0homosexuales fueron deportados a campos de concentraci\u00f3n, donde no fueron asesinados inmediatamente. Muchos murieron de agotamiento y malos tratos.<\/p>\n<p>&nbsp;<\/p>\n","protected":false},"excerpt":{"rendered":"<p>Un monumento en memoria de los homosexuales perseguidos por el nazismo fue vandalizado en Berl\u00edn, inform\u00f3 la polic\u00eda este martes.\u00a0El acto ocurri\u00f3 el s\u00e1bado cuando un desconocido arroj\u00f3 un objeto en llamas\u00a0en direcci\u00f3n al monumento,\u00a0que no prendi\u00f3 fuego, se\u00f1al\u00f3 el cuerpo armado, que ha abierto una investigaci\u00f3n. La misma persona coloc\u00f3 carteles en el monumento, &hellip;<\/p>\n","protected":false},"author":2,"featured_media":24696,"comment_status":"open","ping_status":"closed","sticky":false,"template":"","format":"standard","meta":[],"categories":[40],"tags":[961,5938,437],"_links":{"self":[{"href":"https:\/\/www.elgrillitosuena.com\/inicio\/wp-json\/wp\/v2\/posts\/24695"}],"collection":[{"href":"https:\/\/www.elgrillitosuena.com\/inicio\/wp-json\/wp\/v2\/posts"}],"about":[{"href":"https:\/\/www.elgrillitosuena.com\/inicio\/wp-json\/wp\/v2\/types\/post"}],"author":[{"embeddable":true,"href":"https:\/\/www.elgrillitosuena.com\/inicio\/wp-json\/wp\/v2\/users\/2"}],"replies":[{"embeddable":true,"href":"https:\/\/www.elgrillitosuena.com\/inicio\/wp-json\/wp\/v2\/comments?post=24695"}],"version-history":[{"count":1,"href":"https:\/\/www.elgrillitosuena.com\/inicio\/wp-json\/wp\/v2\/posts\/24695\/revisions"}],"predecessor-version":[{"id":24697,"href":"https:\/\/www.elgrillitosuena.com\/inicio\/wp-json\/wp\/v2\/posts\/24695\/revisions\/24697"}],"wp:featuredmedia":[{"embeddable":true,"href":"https:\/\/www.elgrillitosuena.com\/inicio\/wp-json\/wp\/v2\/media\/24696"}],"wp:attachment":[{"href":"https:\/\/www.elgrillitosuena.com\/inicio\/wp-json\/wp\/v2\/media?parent=24695"}],"wp:term":[{"taxonomy":"category","embeddable":true,"href":"https:\/\/www.elgrillitosuena.com\/inicio\/wp-json\/wp\/v2\/categories?post=24695"},{"taxonomy":"post_tag","embeddable":true,"href":"https:\/\/www.elgrillitosuena.com\/inicio\/wp-json\/wp\/v2\/tags?post=24695"}],"curies":[{"name":"wp","href":"https:\/\/api.w.org\/{rel}","templated":true}]}}