{"id":24485,"date":"2023-07-31T19:26:28","date_gmt":"2023-07-31T19:26:28","guid":{"rendered":"https:\/\/www.elgrillitosuena.com\/inicio\/?p=24485"},"modified":"2023-07-31T19:26:28","modified_gmt":"2023-07-31T19:26:28","slug":"jueza-procesa-a-dani-alves-por-presunta-agresion-sexual","status":"publish","type":"post","link":"https:\/\/www.elgrillitosuena.com\/inicio\/noticias\/mundo\/jueza-procesa-a-dani-alves-por-presunta-agresion-sexual\/","title":{"rendered":"Jueza procesa a Dani Alves por presunta agresi\u00f3n sexual"},"content":{"rendered":"<p><img decoding=\"async\" loading=\"lazy\" class=\"alignnone  wp-image-24486\" src=\"https:\/\/www.elgrillitosuena.com\/inicio\/wp-content\/uploads\/2023\/07\/dani-alves-64c7e0b19afef-300x200.jpg\" alt=\"\" width=\"749\" height=\"499\" srcset=\"https:\/\/www.elgrillitosuena.com\/inicio\/wp-content\/uploads\/2023\/07\/dani-alves-64c7e0b19afef-300x200.jpg 300w, https:\/\/www.elgrillitosuena.com\/inicio\/wp-content\/uploads\/2023\/07\/dani-alves-64c7e0b19afef-1024x683.jpg 1024w, https:\/\/www.elgrillitosuena.com\/inicio\/wp-content\/uploads\/2023\/07\/dani-alves-64c7e0b19afef-768x512.jpg 768w, https:\/\/www.elgrillitosuena.com\/inicio\/wp-content\/uploads\/2023\/07\/dani-alves-64c7e0b19afef.jpg 1200w\" sizes=\"(max-width: 749px) 100vw, 749px\" \/><\/p>\n<p>La magistrada del Juzgado de Instrucci\u00f3n 15 de Barcelona termin\u00f3 la investigaci\u00f3n al futbolista Dani Alves por presuntamente agredir sexualmente a una joven en la discoteca Sutton de Barcelona el 30 de diciembre, por lo que decidi\u00f3 procesarlo, y le citar\u00e1 esta semana para comunic\u00e1rselo.<\/p>\n<p>Fuentes jur\u00eddicas consultadas por la agencia Europa Press explicaron que la jueza cit\u00f3 al brasile\u00f1o para este \u00faltimo tr\u00e1mite de la instrucci\u00f3n, por lo que el que el futbolista deber\u00e1 acudir presencialmente a la Ciutat de la Just\u00edcia.<\/p>\n<p>All\u00ed, la jueza le expondr\u00e1 los motivos del procesamiento y Alves podr\u00e1 declarar o bien abstenerse, lo que es m\u00e1s habitual en este tr\u00e1mite, y despu\u00e9s ser\u00e1 el turno de que las partes presenten sus escritos de acusaci\u00f3n y de defensa.<\/p>\n<p>La jueza tambi\u00e9n le impuso una fianza de 150 mil euros, que no afecta a su situaci\u00f3n de prisi\u00f3n provisional sino que es una forma de adelantar posibles responsabilidades civiles que pueda fijar la sentencia.<\/p>\n<p>Alves est\u00e1 en prisi\u00f3n provisional desde el 20 de enero y desde entonces su defensa ha pedido en varias ocasiones que salga en libertad, algo que tanto la instructora como la Audiencia de Barcelona han desestimado, de manera que el mi\u00e9rcoles llegar\u00e1 al juzgado conducido por los Mossos d&#8217;Esquadra desde la c\u00e1rcel de Brians 2, en Sant Esteve Sesrovires (Barcelona).<\/p>\n<p>En la \u00faltima ocasi\u00f3n que la Audiencia de Barcelona rechaz\u00f3 dejarlo en libertad provisional, los jueces afirmaron que los indicios que ten\u00edan para mantenerlo en prisi\u00f3n se manten\u00edan, y que las nuevas pruebas que hab\u00eda recavado la investigaci\u00f3n &#8220;no solo los desvirt\u00faan, sino que los confirman&#8221;, y este sentido hicieron referencia al informe sobre las huellas en el lavabo donde se denunci\u00f3 la agresi\u00f3n, que no coinciden con la postura que Alves explic\u00f3 en su declaraci\u00f3n.<\/p>\n<p>&nbsp;<\/p>\n","protected":false},"excerpt":{"rendered":"<p>La magistrada del Juzgado de Instrucci\u00f3n 15 de Barcelona termin\u00f3 la investigaci\u00f3n al futbolista Dani Alves por presuntamente agredir sexualmente a una joven en la discoteca Sutton de Barcelona el 30 de diciembre, por lo que decidi\u00f3 procesarlo, y le citar\u00e1 esta semana para comunic\u00e1rselo. Fuentes jur\u00eddicas consultadas por la agencia Europa Press explicaron que &hellip;<\/p>\n","protected":false},"author":2,"featured_media":24486,"comment_status":"open","ping_status":"closed","sticky":false,"template":"","format":"standard","meta":[],"categories":[45,40],"tags":[83,5789,86],"_links":{"self":[{"href":"https:\/\/www.elgrillitosuena.com\/inicio\/wp-json\/wp\/v2\/posts\/24485"}],"collection":[{"href":"https:\/\/www.elgrillitosuena.com\/inicio\/wp-json\/wp\/v2\/posts"}],"about":[{"href":"https:\/\/www.elgrillitosuena.com\/inicio\/wp-json\/wp\/v2\/types\/post"}],"author":[{"embeddable":true,"href":"https:\/\/www.elgrillitosuena.com\/inicio\/wp-json\/wp\/v2\/users\/2"}],"replies":[{"embeddable":true,"href":"https:\/\/www.elgrillitosuena.com\/inicio\/wp-json\/wp\/v2\/comments?post=24485"}],"version-history":[{"count":1,"href":"https:\/\/www.elgrillitosuena.com\/inicio\/wp-json\/wp\/v2\/posts\/24485\/revisions"}],"predecessor-version":[{"id":24487,"href":"https:\/\/www.elgrillitosuena.com\/inicio\/wp-json\/wp\/v2\/posts\/24485\/revisions\/24487"}],"wp:featuredmedia":[{"embeddable":true,"href":"https:\/\/www.elgrillitosuena.com\/inicio\/wp-json\/wp\/v2\/media\/24486"}],"wp:attachment":[{"href":"https:\/\/www.elgrillitosuena.com\/inicio\/wp-json\/wp\/v2\/media?parent=24485"}],"wp:term":[{"taxonomy":"category","embeddable":true,"href":"https:\/\/www.elgrillitosuena.com\/inicio\/wp-json\/wp\/v2\/categories?post=24485"},{"taxonomy":"post_tag","embeddable":true,"href":"https:\/\/www.elgrillitosuena.com\/inicio\/wp-json\/wp\/v2\/tags?post=24485"}],"curies":[{"name":"wp","href":"https:\/\/api.w.org\/{rel}","templated":true}]}}