{"id":2403,"date":"2020-11-12T17:34:16","date_gmt":"2020-11-12T17:34:16","guid":{"rendered":"https:\/\/www.elgrillitosuena.com\/inicio\/?p=2403"},"modified":"2020-11-12T17:34:16","modified_gmt":"2020-11-12T17:34:16","slug":"confirmado-the-weeknd-se-presentara-en-el-show-de-medio-tiempo-del-super-bowl-lv","status":"publish","type":"post","link":"https:\/\/www.elgrillitosuena.com\/inicio\/life-style\/espectaculos\/confirmado-the-weeknd-se-presentara-en-el-show-de-medio-tiempo-del-super-bowl-lv\/","title":{"rendered":"\u00a1Confirmado! The Weeknd se presentar\u00e1 en el show de medio tiempo del Super Bowl LV"},"content":{"rendered":"<p><img decoding=\"async\" loading=\"lazy\" class=\"alignnone  wp-image-2404\" src=\"https:\/\/www.elgrillitosuena.com\/inicio\/wp-content\/uploads\/2020\/11\/02-the-weeknd-press-2019-cr-Nabil-Elderkin-billboard-1548-1024x677-2-768x508-1-300x198.jpg\" alt=\"\" width=\"595\" height=\"393\" srcset=\"https:\/\/www.elgrillitosuena.com\/inicio\/wp-content\/uploads\/2020\/11\/02-the-weeknd-press-2019-cr-Nabil-Elderkin-billboard-1548-1024x677-2-768x508-1-300x198.jpg 300w, https:\/\/www.elgrillitosuena.com\/inicio\/wp-content\/uploads\/2020\/11\/02-the-weeknd-press-2019-cr-Nabil-Elderkin-billboard-1548-1024x677-2-768x508-1-310x205.jpg 310w, https:\/\/www.elgrillitosuena.com\/inicio\/wp-content\/uploads\/2020\/11\/02-the-weeknd-press-2019-cr-Nabil-Elderkin-billboard-1548-1024x677-2-768x508-1.jpg 768w\" sizes=\"(max-width: 595px) 100vw, 595px\" \/><\/p>\n<p>El canadiense The Weeknd se presentar\u00e1 en el show de medio tiempo del Super Bowl LV, as\u00ed lo confirm\u00f3 el cantante a trav\u00e9s de sus redes sociales. Dicho anuncio tambi\u00e9n lo public\u00f3 en Twitter Pepsi y Roc Nation. Este evento se llevar\u00e1 a cabo el pr\u00f3ximo 7 de febrero del 2021 en el Raymond James Stadium en Tampa Bay, Florida.<\/p>\n<p>The Weeknd, quien recientemente lanz\u00f3 junto a Maluma el remix de la canci\u00f3n \u201cHaw\u00e1i\u201d, confirm\u00f3 su presentaci\u00f3n en el Super Bowl LV con un tuit en el que escribi\u00f3 un corto mensaje acompa\u00f1ado de una foto.<\/p>\n<p>Informaci\u00f3n de Milenio<\/p>\n","protected":false},"excerpt":{"rendered":"<p>El canadiense The Weeknd se presentar\u00e1 en el show de medio tiempo del Super Bowl LV, as\u00ed lo confirm\u00f3 el cantante a trav\u00e9s de sus redes sociales. Dicho anuncio tambi\u00e9n lo public\u00f3 en Twitter Pepsi y Roc Nation. Este evento se llevar\u00e1 a cabo el pr\u00f3ximo 7 de febrero del 2021 en el Raymond James &hellip;<\/p>\n","protected":false},"author":2,"featured_media":2404,"comment_status":"open","ping_status":"closed","sticky":false,"template":"","format":"standard","meta":[],"categories":[44],"tags":[552,553],"_links":{"self":[{"href":"https:\/\/www.elgrillitosuena.com\/inicio\/wp-json\/wp\/v2\/posts\/2403"}],"collection":[{"href":"https:\/\/www.elgrillitosuena.com\/inicio\/wp-json\/wp\/v2\/posts"}],"about":[{"href":"https:\/\/www.elgrillitosuena.com\/inicio\/wp-json\/wp\/v2\/types\/post"}],"author":[{"embeddable":true,"href":"https:\/\/www.elgrillitosuena.com\/inicio\/wp-json\/wp\/v2\/users\/2"}],"replies":[{"embeddable":true,"href":"https:\/\/www.elgrillitosuena.com\/inicio\/wp-json\/wp\/v2\/comments?post=2403"}],"version-history":[{"count":1,"href":"https:\/\/www.elgrillitosuena.com\/inicio\/wp-json\/wp\/v2\/posts\/2403\/revisions"}],"predecessor-version":[{"id":2405,"href":"https:\/\/www.elgrillitosuena.com\/inicio\/wp-json\/wp\/v2\/posts\/2403\/revisions\/2405"}],"wp:featuredmedia":[{"embeddable":true,"href":"https:\/\/www.elgrillitosuena.com\/inicio\/wp-json\/wp\/v2\/media\/2404"}],"wp:attachment":[{"href":"https:\/\/www.elgrillitosuena.com\/inicio\/wp-json\/wp\/v2\/media?parent=2403"}],"wp:term":[{"taxonomy":"category","embeddable":true,"href":"https:\/\/www.elgrillitosuena.com\/inicio\/wp-json\/wp\/v2\/categories?post=2403"},{"taxonomy":"post_tag","embeddable":true,"href":"https:\/\/www.elgrillitosuena.com\/inicio\/wp-json\/wp\/v2\/tags?post=2403"}],"curies":[{"name":"wp","href":"https:\/\/api.w.org\/{rel}","templated":true}]}}