{"id":24000,"date":"2023-06-22T19:00:24","date_gmt":"2023-06-22T19:00:24","guid":{"rendered":"https:\/\/www.elgrillitosuena.com\/inicio\/?p=24000"},"modified":"2023-06-22T19:00:24","modified_gmt":"2023-06-22T19:00:24","slug":"tribunal-electoral-de-brasil-inicia-juicio-para-inhabilitar-politicamente-a-jair-bolsonaro","status":"publish","type":"post","link":"https:\/\/www.elgrillitosuena.com\/inicio\/noticias\/mundo\/tribunal-electoral-de-brasil-inicia-juicio-para-inhabilitar-politicamente-a-jair-bolsonaro\/","title":{"rendered":"Tribunal Electoral de Brasil inicia juicio para inhabilitar pol\u00edticamente a Jair Bolsonaro"},"content":{"rendered":"<p><img decoding=\"async\" loading=\"lazy\" class=\"alignnone  wp-image-24001\" src=\"https:\/\/www.elgrillitosuena.com\/inicio\/wp-content\/uploads\/2023\/06\/expresidente-de-brasil-jair-bolsonaro-1200x628-1-300x157.jpg\" alt=\"\" width=\"751\" height=\"393\" srcset=\"https:\/\/www.elgrillitosuena.com\/inicio\/wp-content\/uploads\/2023\/06\/expresidente-de-brasil-jair-bolsonaro-1200x628-1-300x157.jpg 300w, https:\/\/www.elgrillitosuena.com\/inicio\/wp-content\/uploads\/2023\/06\/expresidente-de-brasil-jair-bolsonaro-1200x628-1-1024x536.jpg 1024w, https:\/\/www.elgrillitosuena.com\/inicio\/wp-content\/uploads\/2023\/06\/expresidente-de-brasil-jair-bolsonaro-1200x628-1-768x402.jpg 768w, https:\/\/www.elgrillitosuena.com\/inicio\/wp-content\/uploads\/2023\/06\/expresidente-de-brasil-jair-bolsonaro-1200x628-1.jpg 1200w\" sizes=\"(max-width: 751px) 100vw, 751px\" \/><\/p>\n<p>El expresidente ultraderechista Jair Bolsonaro enfrent\u00f3 este jueves el inicio de un juicio en la corte electoral de Brasil,en un caso por &#8220;abuso de poder&#8221;\u00a0durante su mandato que lo puede inhabilitar pol\u00edticamente durante ocho a\u00f1os.\u00a0El Tribunal Superior Electoral (TSE) lo juzga por ataques proferidos contra el sistema de votaci\u00f3n electr\u00f3nica en Brasil durante una reuni\u00f3n con embajadores en julio de 2022, tres meses antes de ser derrotado en las urnas por el izquierdista Luiz In\u00e1cio Lula da Silva.<\/p>\n<p>Despu\u00e9s de tres horas de sesi\u00f3n, la corte, integrada por siete jueces que deben emitir cada uno su voto,\u00a0suspendi\u00f3 el juicio hasta el pr\u00f3ximo martes.\u00a0Bolsonaro, que defiende su inocencia, viaj\u00f3 por su lado el jueves a Porto Alegre (sur), donde fue recibido en el aeropuerto por decenas de seguidores, algunos portando los colores de Brasil.<\/p>\n<p>En esa ciudad, mantendr\u00e1 una reuni\u00f3n con su Partido Liberal (PL) y tiene previsto dar una rueda de prensa durante la jornada.<\/p>\n<p>En su discurso ante los diplom\u00e1ticos en la residencia presidencial de la Alvorada, Bolsonaro asegur\u00f3 sin pruebas que buscaba &#8220;corregir fallas&#8221; del sistema de urnas electr\u00f3nicas vigente con la &#8220;participaci\u00f3n de las Fuerzas Armadas&#8221;. El excapit\u00e1n dijo que\u00a0la supuesta vulnerabilidad del sistema pod\u00eda servir para manipular el resultado electoral en su contra.\u00a0Ese argumento atiz\u00f3 posteriormente a parte de sus seguidores radicalizados, que el 8 de enero de 2023, d\u00edas despu\u00e9s de la toma de posesi\u00f3n de Lula, invadieron las sedes de los tres poderes en Brasilia.<\/p>\n<p>La fiscal\u00eda pidi\u00f3 que el exmandatario (2019-2022)\u00a0sea declarado &#8220;inelegible&#8221; debido a &#8220;abuso de poder pol\u00edtico y uso indebido de los medios de comunicaci\u00f3n&#8221;.\u00a0El discurso, seg\u00fan la fiscal\u00eda, &#8220;intent\u00f3 dar la impresi\u00f3n equivocada de que el proceso electoral es oscuro&#8221; y fue propicio a &#8220;manipulaciones&#8221;, con el &#8220;objetivo de desacreditar el resultado&#8221; electoral, destac\u00f3 el juez Benedito Goncalves, en la lectura del relatorio.<\/p>\n<p>Por su parte, el abogado de Bolsonaro, Tarcisio Vieira, compar\u00f3 el caso al del c\u00e9lebre capit\u00e1n Dreyfus, injustamente condenado en Francia a finales del siglo XIX.<\/p>\n<p>&#8220;Se volvi\u00f3 uno de los mayores errores judiciales de la historia&#8221;, dijo el abogado, pidiendo que no se repita lo mismo con Bolsonaro.<\/p>\n<p>El expresidente afirm\u00f3 el mi\u00e9rcoles que no hizo &#8220;ninguna cr\u00edtica, ni un ataque al sistema electoral. Hice una presentaci\u00f3n sobre c\u00f3mo funcionaban las elecciones en Brasil&#8221;, sostuvo.<\/p>\n<p>Sin embargo,\u00a0se da casi por descontado que Bolsonaro, de 68 a\u00f1os, ser\u00e1 condenado,\u00a0dijeron dos fuentes judiciales que han seguido el tr\u00e1mite.\u00a0 Si no se completan los votos el martes, est\u00e1 prevista otra sesi\u00f3n plenaria, el 29 de junio. Vieira anticip\u00f3 que la defensa recurrir\u00e1 la sentencia ante el Supremo Tribunal Federal en caso de condena.<\/p>\n<p>El expresidente ha tenido escasas apariciones p\u00fablicas desde que regres\u00f3 a Brasil el 30 de marzo despu\u00e9s de residir tres meses en Estados Unidos, mientras ha mantenido reuniones con el PL, mayoritario en el Congreso. Sin embargo, en las \u00faltimas horas dio varias declaraciones a los medios.<\/p>\n<p>El mi\u00e9rcoles asegur\u00f3 &#8220;no saber&#8221; si volver\u00eda a ser candidato a alg\u00fan cargo p\u00fablico, aunque dej\u00f3 clara su intenci\u00f3n de mantenerse &#8220;activo&#8221; en la pol\u00edtica y &#8220;colaborar con el futuro de Brasil&#8221;. Aunque fuera inhabilitado,\u00a0Bolsonaro podr\u00eda conservar un rol de liderazgo en la derecha brasile\u00f1a, seg\u00fan analistas.<\/p>\n<p>El ultraderechista perdi\u00f3 por una estrecha diferencia de votos frente a Lula, de 1.8 puntos porcentuales. Los partidos conservadores dominan adem\u00e1s el actual Congreso. Bolsonaro &#8220;tiene un gran electorado que se deja influenciar por \u00e9l. Actuar\u00e1 entre bastidores y usar\u00e1 su poder de transferencia de votos e influencia en favor de candidatos&#8221;, dijo Marco Antonio Teixeira, polit\u00f3logo de la Fundaci\u00f3n Getulio Vargas.<\/p>\n<p>La del TSE ser\u00e1 la primera de una serie de decisiones que podr\u00edan recaer sobre el exmandatario, quien enfrenta m\u00e1s de una decena de procesos administrativos en el tribunal electoral.\u00a0Adem\u00e1s es objeto de cinco investigaciones en el Supremo Tribunal Federal, con penas susceptibles de prisi\u00f3n,\u00a0incluyendo una por su presunto papel como autor intelectual de la asonada del 8 de enero.<\/p>\n<p>Por su parte, el gobierno de Lula se ha mantenido a distancia de los problemas judiciales de Bolsonaro, sin dar recientemente declaraciones al respecto.<\/p>\n<div class=\"teads-inread sm-screen\">\n<div>\n<div class=\"teads-ui-components-adchoices\"><\/div>\n<\/div>\n<\/div>\n","protected":false},"excerpt":{"rendered":"<p>El expresidente ultraderechista Jair Bolsonaro enfrent\u00f3 este jueves el inicio de un juicio en la corte electoral de Brasil,en un caso por &#8220;abuso de poder&#8221;\u00a0durante su mandato que lo puede inhabilitar pol\u00edticamente durante ocho a\u00f1os.\u00a0El Tribunal Superior Electoral (TSE) lo juzga por ataques proferidos contra el sistema de votaci\u00f3n electr\u00f3nica en Brasil durante una reuni\u00f3n &hellip;<\/p>\n","protected":false},"author":2,"featured_media":24001,"comment_status":"open","ping_status":"closed","sticky":false,"template":"","format":"standard","meta":[],"categories":[40],"tags":[1550,3161,6059],"_links":{"self":[{"href":"https:\/\/www.elgrillitosuena.com\/inicio\/wp-json\/wp\/v2\/posts\/24000"}],"collection":[{"href":"https:\/\/www.elgrillitosuena.com\/inicio\/wp-json\/wp\/v2\/posts"}],"about":[{"href":"https:\/\/www.elgrillitosuena.com\/inicio\/wp-json\/wp\/v2\/types\/post"}],"author":[{"embeddable":true,"href":"https:\/\/www.elgrillitosuena.com\/inicio\/wp-json\/wp\/v2\/users\/2"}],"replies":[{"embeddable":true,"href":"https:\/\/www.elgrillitosuena.com\/inicio\/wp-json\/wp\/v2\/comments?post=24000"}],"version-history":[{"count":1,"href":"https:\/\/www.elgrillitosuena.com\/inicio\/wp-json\/wp\/v2\/posts\/24000\/revisions"}],"predecessor-version":[{"id":24002,"href":"https:\/\/www.elgrillitosuena.com\/inicio\/wp-json\/wp\/v2\/posts\/24000\/revisions\/24002"}],"wp:featuredmedia":[{"embeddable":true,"href":"https:\/\/www.elgrillitosuena.com\/inicio\/wp-json\/wp\/v2\/media\/24001"}],"wp:attachment":[{"href":"https:\/\/www.elgrillitosuena.com\/inicio\/wp-json\/wp\/v2\/media?parent=24000"}],"wp:term":[{"taxonomy":"category","embeddable":true,"href":"https:\/\/www.elgrillitosuena.com\/inicio\/wp-json\/wp\/v2\/categories?post=24000"},{"taxonomy":"post_tag","embeddable":true,"href":"https:\/\/www.elgrillitosuena.com\/inicio\/wp-json\/wp\/v2\/tags?post=24000"}],"curies":[{"name":"wp","href":"https:\/\/api.w.org\/{rel}","templated":true}]}}