{"id":23966,"date":"2023-06-20T20:26:24","date_gmt":"2023-06-20T20:26:24","guid":{"rendered":"https:\/\/www.elgrillitosuena.com\/inicio\/?p=23966"},"modified":"2023-06-20T20:26:24","modified_gmt":"2023-06-20T20:26:24","slug":"gobierno-con-cercania-refrenda-nacho-campos","status":"publish","type":"post","link":"https:\/\/www.elgrillitosuena.com\/inicio\/noticias\/uruapan\/gobierno-con-cercania-refrenda-nacho-campos\/","title":{"rendered":"Gobierno con cercan\u00eda, refrenda Nacho Campos"},"content":{"rendered":"<p><img decoding=\"async\" loading=\"lazy\" class=\"alignnone  wp-image-23967\" src=\"https:\/\/www.elgrillitosuena.com\/inicio\/wp-content\/uploads\/2023\/06\/3-300x200.png\" alt=\"\" width=\"759\" height=\"506\" srcset=\"https:\/\/www.elgrillitosuena.com\/inicio\/wp-content\/uploads\/2023\/06\/3-300x200.png 300w, https:\/\/www.elgrillitosuena.com\/inicio\/wp-content\/uploads\/2023\/06\/3-768x512.png 768w, https:\/\/www.elgrillitosuena.com\/inicio\/wp-content\/uploads\/2023\/06\/3.png 1024w\" sizes=\"(max-width: 759px) 100vw, 759px\" \/><\/p>\n<p>Al reunirse con los socios del Consejo Directivo de Canaco Uruapan, el presidente municipal, Nacho Campos, refrend\u00f3 su prop\u00f3sito de seguir impulsando un gobierno de cercan\u00eda con todos los sectores.<\/p>\n<p>Asever\u00f3 que el eje central de sus pol\u00edticas p\u00fablicas es la estrecha colaboraci\u00f3n con la sociedad civil para que cada programa y acci\u00f3n cuente con legitimaci\u00f3n social.<\/p>\n<p>En este encuentro los agremiados de este sector productivo manifestaron diversas inquietudes relacionadas con los servicios p\u00fablicos, vialidad, agua potable y seguridad, as\u00ed como la participaci\u00f3n de la iniciativa privada en acciones de gobierno, as\u00ed como externar felicitaciones por los trabajos de rehabilitaci\u00f3n en las vialidades m\u00e1s importantes de Uruapan y la creaci\u00f3n del. Centro de Rehabilitaci\u00f3n Infantil Uruapan (CRIU).<\/p>\n","protected":false},"excerpt":{"rendered":"<p>Al reunirse con los socios del Consejo Directivo de Canaco Uruapan, el presidente municipal, Nacho Campos, refrend\u00f3 su prop\u00f3sito de seguir impulsando un gobierno de cercan\u00eda con todos los sectores. Asever\u00f3 que el eje central de sus pol\u00edticas p\u00fablicas es la estrecha colaboraci\u00f3n con la sociedad civil para que cada programa y acci\u00f3n cuente con &hellip;<\/p>\n","protected":false},"author":2,"featured_media":23967,"comment_status":"open","ping_status":"closed","sticky":false,"template":"","format":"standard","meta":[],"categories":[37],"tags":[62,1588,63],"_links":{"self":[{"href":"https:\/\/www.elgrillitosuena.com\/inicio\/wp-json\/wp\/v2\/posts\/23966"}],"collection":[{"href":"https:\/\/www.elgrillitosuena.com\/inicio\/wp-json\/wp\/v2\/posts"}],"about":[{"href":"https:\/\/www.elgrillitosuena.com\/inicio\/wp-json\/wp\/v2\/types\/post"}],"author":[{"embeddable":true,"href":"https:\/\/www.elgrillitosuena.com\/inicio\/wp-json\/wp\/v2\/users\/2"}],"replies":[{"embeddable":true,"href":"https:\/\/www.elgrillitosuena.com\/inicio\/wp-json\/wp\/v2\/comments?post=23966"}],"version-history":[{"count":1,"href":"https:\/\/www.elgrillitosuena.com\/inicio\/wp-json\/wp\/v2\/posts\/23966\/revisions"}],"predecessor-version":[{"id":23968,"href":"https:\/\/www.elgrillitosuena.com\/inicio\/wp-json\/wp\/v2\/posts\/23966\/revisions\/23968"}],"wp:featuredmedia":[{"embeddable":true,"href":"https:\/\/www.elgrillitosuena.com\/inicio\/wp-json\/wp\/v2\/media\/23967"}],"wp:attachment":[{"href":"https:\/\/www.elgrillitosuena.com\/inicio\/wp-json\/wp\/v2\/media?parent=23966"}],"wp:term":[{"taxonomy":"category","embeddable":true,"href":"https:\/\/www.elgrillitosuena.com\/inicio\/wp-json\/wp\/v2\/categories?post=23966"},{"taxonomy":"post_tag","embeddable":true,"href":"https:\/\/www.elgrillitosuena.com\/inicio\/wp-json\/wp\/v2\/tags?post=23966"}],"curies":[{"name":"wp","href":"https:\/\/api.w.org\/{rel}","templated":true}]}}