{"id":23963,"date":"2023-06-20T20:12:51","date_gmt":"2023-06-20T20:12:51","guid":{"rendered":"https:\/\/www.elgrillitosuena.com\/inicio\/?p=23963"},"modified":"2023-06-20T20:12:51","modified_gmt":"2023-06-20T20:12:51","slug":"presentan-la-xxii-semana-de-la-cultura-laboral","status":"publish","type":"post","link":"https:\/\/www.elgrillitosuena.com\/inicio\/noticias\/uruapan\/presentan-la-xxii-semana-de-la-cultura-laboral\/","title":{"rendered":"Presentan la XXII Semana de la Cultura Laboral"},"content":{"rendered":"<p><img decoding=\"async\" loading=\"lazy\" class=\"alignnone  wp-image-23964\" src=\"https:\/\/www.elgrillitosuena.com\/inicio\/wp-content\/uploads\/2023\/06\/2-300x176.jpg\" alt=\"\" width=\"707\" height=\"415\" srcset=\"https:\/\/www.elgrillitosuena.com\/inicio\/wp-content\/uploads\/2023\/06\/2-300x176.jpg 300w, https:\/\/www.elgrillitosuena.com\/inicio\/wp-content\/uploads\/2023\/06\/2-1024x602.jpg 1024w, https:\/\/www.elgrillitosuena.com\/inicio\/wp-content\/uploads\/2023\/06\/2-768x451.jpg 768w, https:\/\/www.elgrillitosuena.com\/inicio\/wp-content\/uploads\/2023\/06\/2.jpg 1355w\" sizes=\"(max-width: 707px) 100vw, 707px\" \/><\/p>\n<p>El presidente municipal, Nacho Campos; la presidenta de la Canacintra Uruapan, Camelia Lizbeth Calleja Contreras; y el encargado de Investigaci\u00f3n y Difusi\u00f3n de la Universidad Don Vasco (UDV), Gerardo Mora Camacho, presentaron el programa de la XXII Semana de la Cultura Laboral, que se desarrollar\u00e1 del 10 al 23 de julio con talleres, cursos y actividades, que abordar\u00e1n temas como salud f\u00edsica, inclusi\u00f3n y responsabilidad social, entre otros.<\/p>\n<p>Luego de invitar a la sociedad a participar en estos talleres y cursos, Nacho Campos se\u00f1al\u00f3 que el factor humano es lo m\u00e1s importante en cualquier organizaci\u00f3n, pero siendo agentes de cambio, poniendo en pr\u00e1ctica aptitudes y conocimientos. A\u00f1adi\u00f3 que se trata de una oportunidad para diversificar la actividad productiva y motivar a la sociedad a participar en temas como la separaci\u00f3n de residuos, como el programa \u201cSi la Separa No Es Basura\u201d, con excelentes resultados.<\/p>\n<p>Mientras que Camelia Lizbeth Calleja Contreras, presidenta de la C\u00e1mara Nacional de la Industria de la Transformaci\u00f3n, opin\u00f3 que en estos 22 a\u00f1os la Semana de la Cultura Laboral es un evento consolidado gracias a los sectores empresarial, educativo y gubernamental, as\u00ed como profesionistas que se unen para brindar herramientas y conocimientos actualizados de calidad que permitan un desarrollo personal y profesional para detonar el crecimiento econ\u00f3mico de la regi\u00f3n.<\/p>\n<p>Finalmente, Gerardo Mora Camacho, representante de la UDV, explic\u00f3 que este evento se ha caracterizado por la variedad de conocimientos, en esta edici\u00f3n con 125 talleres virtuales, 20 presenciales en la UDV y cuatro de serigraf\u00eda, fotograf\u00eda, electricidad y jardiner\u00eda, entre otros eventos. Usted puede consultar el programa en el sitio web https:\/\/www.culturalaboraluruapan.com.<\/p>\n","protected":false},"excerpt":{"rendered":"<p>El presidente municipal, Nacho Campos; la presidenta de la Canacintra Uruapan, Camelia Lizbeth Calleja Contreras; y el encargado de Investigaci\u00f3n y Difusi\u00f3n de la Universidad Don Vasco (UDV), Gerardo Mora Camacho, presentaron el programa de la XXII Semana de la Cultura Laboral, que se desarrollar\u00e1 del 10 al 23 de julio con talleres, cursos y &hellip;<\/p>\n","protected":false},"author":2,"featured_media":23964,"comment_status":"open","ping_status":"closed","sticky":false,"template":"","format":"standard","meta":[],"categories":[37],"tags":[5057,1588,6056,63],"_links":{"self":[{"href":"https:\/\/www.elgrillitosuena.com\/inicio\/wp-json\/wp\/v2\/posts\/23963"}],"collection":[{"href":"https:\/\/www.elgrillitosuena.com\/inicio\/wp-json\/wp\/v2\/posts"}],"about":[{"href":"https:\/\/www.elgrillitosuena.com\/inicio\/wp-json\/wp\/v2\/types\/post"}],"author":[{"embeddable":true,"href":"https:\/\/www.elgrillitosuena.com\/inicio\/wp-json\/wp\/v2\/users\/2"}],"replies":[{"embeddable":true,"href":"https:\/\/www.elgrillitosuena.com\/inicio\/wp-json\/wp\/v2\/comments?post=23963"}],"version-history":[{"count":1,"href":"https:\/\/www.elgrillitosuena.com\/inicio\/wp-json\/wp\/v2\/posts\/23963\/revisions"}],"predecessor-version":[{"id":23965,"href":"https:\/\/www.elgrillitosuena.com\/inicio\/wp-json\/wp\/v2\/posts\/23963\/revisions\/23965"}],"wp:featuredmedia":[{"embeddable":true,"href":"https:\/\/www.elgrillitosuena.com\/inicio\/wp-json\/wp\/v2\/media\/23964"}],"wp:attachment":[{"href":"https:\/\/www.elgrillitosuena.com\/inicio\/wp-json\/wp\/v2\/media?parent=23963"}],"wp:term":[{"taxonomy":"category","embeddable":true,"href":"https:\/\/www.elgrillitosuena.com\/inicio\/wp-json\/wp\/v2\/categories?post=23963"},{"taxonomy":"post_tag","embeddable":true,"href":"https:\/\/www.elgrillitosuena.com\/inicio\/wp-json\/wp\/v2\/tags?post=23963"}],"curies":[{"name":"wp","href":"https:\/\/api.w.org\/{rel}","templated":true}]}}