{"id":23875,"date":"2023-06-14T20:32:19","date_gmt":"2023-06-14T20:32:19","guid":{"rendered":"https:\/\/www.elgrillitosuena.com\/inicio\/?p=23875"},"modified":"2023-06-14T20:32:19","modified_gmt":"2023-06-14T20:32:19","slug":"maria-elena-rios-responde-a-comunicado-de-tenoch-huerta-muestra-que-ha-recibido-amenazas","status":"publish","type":"post","link":"https:\/\/www.elgrillitosuena.com\/inicio\/life-style\/entretenimiento\/maria-elena-rios-responde-a-comunicado-de-tenoch-huerta-muestra-que-ha-recibido-amenazas\/","title":{"rendered":"Mar\u00eda Elena R\u00edos responde a comunicado de Tenoch Huerta; muestra que ha recibido amenazas"},"content":{"rendered":"<p><img decoding=\"async\" loading=\"lazy\" class=\"alignnone  wp-image-23876\" src=\"https:\/\/www.elgrillitosuena.com\/inicio\/wp-content\/uploads\/2023\/06\/maria-elena-rios-recibido-amenazas-300x187.jpg\" alt=\"\" width=\"752\" height=\"469\" srcset=\"https:\/\/www.elgrillitosuena.com\/inicio\/wp-content\/uploads\/2023\/06\/maria-elena-rios-recibido-amenazas-300x187.jpg 300w, https:\/\/www.elgrillitosuena.com\/inicio\/wp-content\/uploads\/2023\/06\/maria-elena-rios-recibido-amenazas-1024x637.jpg 1024w, https:\/\/www.elgrillitosuena.com\/inicio\/wp-content\/uploads\/2023\/06\/maria-elena-rios-recibido-amenazas-768x478.jpg 768w, https:\/\/www.elgrillitosuena.com\/inicio\/wp-content\/uploads\/2023\/06\/maria-elena-rios-recibido-amenazas.jpg 1200w\" sizes=\"(max-width: 752px) 100vw, 752px\" \/><\/p>\n<p>Hace unos d\u00edas\u00a0Mar\u00eda Elena R\u00edos acus\u00f3 a Tenoch Huerta de abuso sexual\u00a0y mencion\u00f3 que el colectivo poder Prieto lo ha encubierto. Tras esto,\u00a0el famoso lanz\u00f3 un comunicado en el que se defendi\u00f3 y cont\u00f3 que la saxofonista\u00a0y \u00e9l tuvieron una relaci\u00f3n sentimental.<\/p>\n<p>En el comunicado, Tenoch Huerta neg\u00f3 las acusaciones en su contra y dijo que hace unos meses tuvo que iniciar acciones legales debido a que la saxofonista empez\u00f3 a tergiversar sus interacciones tanto en privado, as\u00ed como frente a amigos en com\u00fan.<\/p>\n<p>Te recomendamos:\u00a0Tenoch Huerta rompe el silencio tras acusaciones de abuso de Mar\u00eda Elena R\u00edos<\/p>\n<p>Horas despu\u00e9s de que el actor de\u00a0<em>Wakanda Forever<\/em>\u00a0respondiera a las acusaciones en su contra, Mar\u00eda Elena R\u00edos acudi\u00f3 a Twitter en donde mencion\u00f3 a Tenoch Huerta y le mand\u00f3 un mensaje.<\/p>\n<blockquote><p>\u201cHoy no puedo contestar a tu comunicado con calma porque, como sabr\u00e1s, promuevo una LEY para que mujeres violentadas por abusadores, cobardes y enfermos de poder puedan acceder a la justicia y no tengan miedo como el que t\u00fa y tus fan\u00e1ticos tratan de sembrar en m\u00ed\u201d, escribi\u00f3.<\/p><\/blockquote>\n<p>En el tuit, Mar\u00eda Elena R\u00edos adjunt\u00f3 unas capturas de pantalla de\u00a0mensajes que ha recibido en Instagram de fans de Tenoch Huerta, quien la han amenazado con tal de defender al actor.<\/p>\n<blockquote><p>\u201cVieja pen\u2026 no sabes inventar. T\u00fa y tu pu\u2026 feminismo se pueden ir a la ver\u2026. Saca pruebas, \u00bfquieres m\u00e1s \u00e1cido o qu\u00e9? Ayuda a encontrar a las desaparecidas\u201d, dice uno de los menajes que recibi\u00f3 la saxofonista.<\/p><\/blockquote>\n<p>En otro mensaje, la misma persona la amenaza con atacarla con \u00e1cido, hay que recordar que\u00a0hace varios a\u00f1os su expareja la atac\u00f3 de esa manera y tras una larga recuperaci\u00f3n, Mar\u00eda Elena R\u00edos hoy se dedica a defender a otras mujeres que han sufrido violencia.<\/p>\n<blockquote><p>\u201cTe voy a echar m\u00e1s \u00e1cido, por perr\u2026. Por eso te echan \u00e1cido por ca\u2026 pal\u2026\u201d.<\/p><\/blockquote>\n<p>Hasta el momento Tenoch Huerta no ha respondido al mensaje que lanz\u00f3 Mar\u00eda Elena R\u00edos.<\/p>\n","protected":false},"excerpt":{"rendered":"<p>Hace unos d\u00edas\u00a0Mar\u00eda Elena R\u00edos acus\u00f3 a Tenoch Huerta de abuso sexual\u00a0y mencion\u00f3 que el colectivo poder Prieto lo ha encubierto. Tras esto,\u00a0el famoso lanz\u00f3 un comunicado en el que se defendi\u00f3 y cont\u00f3 que la saxofonista\u00a0y \u00e9l tuvieron una relaci\u00f3n sentimental. En el comunicado, Tenoch Huerta neg\u00f3 las acusaciones en su contra y dijo &hellip;<\/p>\n","protected":false},"author":2,"featured_media":23876,"comment_status":"open","ping_status":"closed","sticky":false,"template":"","format":"standard","meta":[],"categories":[41,44],"tags":[6031,6020,6032,5558],"_links":{"self":[{"href":"https:\/\/www.elgrillitosuena.com\/inicio\/wp-json\/wp\/v2\/posts\/23875"}],"collection":[{"href":"https:\/\/www.elgrillitosuena.com\/inicio\/wp-json\/wp\/v2\/posts"}],"about":[{"href":"https:\/\/www.elgrillitosuena.com\/inicio\/wp-json\/wp\/v2\/types\/post"}],"author":[{"embeddable":true,"href":"https:\/\/www.elgrillitosuena.com\/inicio\/wp-json\/wp\/v2\/users\/2"}],"replies":[{"embeddable":true,"href":"https:\/\/www.elgrillitosuena.com\/inicio\/wp-json\/wp\/v2\/comments?post=23875"}],"version-history":[{"count":1,"href":"https:\/\/www.elgrillitosuena.com\/inicio\/wp-json\/wp\/v2\/posts\/23875\/revisions"}],"predecessor-version":[{"id":23877,"href":"https:\/\/www.elgrillitosuena.com\/inicio\/wp-json\/wp\/v2\/posts\/23875\/revisions\/23877"}],"wp:featuredmedia":[{"embeddable":true,"href":"https:\/\/www.elgrillitosuena.com\/inicio\/wp-json\/wp\/v2\/media\/23876"}],"wp:attachment":[{"href":"https:\/\/www.elgrillitosuena.com\/inicio\/wp-json\/wp\/v2\/media?parent=23875"}],"wp:term":[{"taxonomy":"category","embeddable":true,"href":"https:\/\/www.elgrillitosuena.com\/inicio\/wp-json\/wp\/v2\/categories?post=23875"},{"taxonomy":"post_tag","embeddable":true,"href":"https:\/\/www.elgrillitosuena.com\/inicio\/wp-json\/wp\/v2\/tags?post=23875"}],"curies":[{"name":"wp","href":"https:\/\/api.w.org\/{rel}","templated":true}]}}