{"id":2374,"date":"2020-11-10T20:36:03","date_gmt":"2020-11-10T20:36:03","guid":{"rendered":"https:\/\/www.elgrillitosuena.com\/inicio\/?p=2374"},"modified":"2020-11-10T20:36:03","modified_gmt":"2020-11-10T20:36:03","slug":"aumentara-en-diciembre-precio-de-tortilla-en-mexico","status":"publish","type":"post","link":"https:\/\/www.elgrillitosuena.com\/inicio\/noticias\/mexico\/aumentara-en-diciembre-precio-de-tortilla-en-mexico\/","title":{"rendered":"Aumentar\u00e1 en Diciembre precio de Tortilla en M\u00e9xico"},"content":{"rendered":"<p><img decoding=\"async\" loading=\"lazy\" class=\"aligncenter wp-image-2375 \" src=\"https:\/\/www.elgrillitosuena.com\/inicio\/wp-content\/uploads\/2020\/11\/A1Tortilla.jpg\" alt=\"\" width=\"693\" height=\"519\" \/><\/p>\n<p>&nbsp;<\/p>\n<p>El\u00a0<span style=\"color: #000080\"><strong>precio de la tortilla<\/strong><\/span>\u00a0podr\u00eda aumentar un peso por kilo en todo\u00a0<a href=\"https:\/\/www.elgrillitosuena.com\/inicio\/noticias\/estatales\/emiten-recomendaciones-para-comprar-este-buen-fin-condusef\/\"><strong>M\u00e9xico<\/strong>\u00a0<\/a>a partir del 1 de\u00a0<span style=\"color: #000080\"><strong>diciembre<\/strong><\/span>\u00a0de este\u00a0<span style=\"color: #000080\"><strong>2020<\/strong>.<\/span><\/p>\n<p>Lo anterior,<strong>\u00a0<span style=\"color: #000080\">debido al incremento en los insumos<\/span><\/strong>\u00a0necesarios para su elaboraci\u00f3n y de los combustibles para su transporte.<\/p>\n<p>&nbsp;<\/p>\n<p>&nbsp;<\/p>\n<p>As\u00ed lo dio a conocer el presidente del Consejo Nacional de la Tortilla,\u00a0<span style=\"color: #000080\"><strong>Homero L\u00f3pez Garc\u00eda<\/strong><\/span>, para el peri\u00f3dico Jornada.<\/p>\n<p>Adem\u00e1s, se\u00f1al\u00f3 que los productores hicieron lo posible por contener el alza durante los meses de confinamiento por la pandemia de coronavirus.<\/p>\n<p>&nbsp;<\/p>\n<p>&nbsp;<\/p>\n<p>Los energ\u00e9ticos para la elaboraci\u00f3n y transportaci\u00f3n de la tortilla, agreg\u00f3, han subido entre<strong>\u00a0<span style=\"color: #000080\">4 y 6%<\/span><\/strong>, mientras que las refacciones lo hicieron hasta\u00a0<strong><span style=\"color: #000080\">30%<\/span>\u00a0<\/strong>debido a que en su mayor\u00eda son importadas.<\/p>\n<p>Por ello, hizo un llamado a las autoridades federales para que apoyen a los productores.<\/p>\n","protected":false},"excerpt":{"rendered":"<p>&nbsp; El\u00a0precio de la tortilla\u00a0podr\u00eda aumentar un peso por kilo en todo\u00a0M\u00e9xico\u00a0a partir del 1 de\u00a0diciembre\u00a0de este\u00a02020. Lo anterior,\u00a0debido al incremento en los insumos\u00a0necesarios para su elaboraci\u00f3n y de los combustibles para su transporte. &nbsp; &nbsp; As\u00ed lo dio a conocer el presidente del Consejo Nacional de la Tortilla,\u00a0Homero L\u00f3pez Garc\u00eda, para el peri\u00f3dico Jornada. &hellip;<\/p>\n","protected":false},"author":2,"featured_media":2375,"comment_status":"open","ping_status":"closed","sticky":false,"template":"","format":"standard","meta":[],"categories":[39,51],"tags":[],"_links":{"self":[{"href":"https:\/\/www.elgrillitosuena.com\/inicio\/wp-json\/wp\/v2\/posts\/2374"}],"collection":[{"href":"https:\/\/www.elgrillitosuena.com\/inicio\/wp-json\/wp\/v2\/posts"}],"about":[{"href":"https:\/\/www.elgrillitosuena.com\/inicio\/wp-json\/wp\/v2\/types\/post"}],"author":[{"embeddable":true,"href":"https:\/\/www.elgrillitosuena.com\/inicio\/wp-json\/wp\/v2\/users\/2"}],"replies":[{"embeddable":true,"href":"https:\/\/www.elgrillitosuena.com\/inicio\/wp-json\/wp\/v2\/comments?post=2374"}],"version-history":[{"count":1,"href":"https:\/\/www.elgrillitosuena.com\/inicio\/wp-json\/wp\/v2\/posts\/2374\/revisions"}],"predecessor-version":[{"id":2376,"href":"https:\/\/www.elgrillitosuena.com\/inicio\/wp-json\/wp\/v2\/posts\/2374\/revisions\/2376"}],"wp:featuredmedia":[{"embeddable":true,"href":"https:\/\/www.elgrillitosuena.com\/inicio\/wp-json\/wp\/v2\/media\/2375"}],"wp:attachment":[{"href":"https:\/\/www.elgrillitosuena.com\/inicio\/wp-json\/wp\/v2\/media?parent=2374"}],"wp:term":[{"taxonomy":"category","embeddable":true,"href":"https:\/\/www.elgrillitosuena.com\/inicio\/wp-json\/wp\/v2\/categories?post=2374"},{"taxonomy":"post_tag","embeddable":true,"href":"https:\/\/www.elgrillitosuena.com\/inicio\/wp-json\/wp\/v2\/tags?post=2374"}],"curies":[{"name":"wp","href":"https:\/\/api.w.org\/{rel}","templated":true}]}}