{"id":23680,"date":"2023-05-18T15:39:34","date_gmt":"2023-05-18T15:39:34","guid":{"rendered":"https:\/\/www.elgrillitosuena.com\/inicio\/?p=23680"},"modified":"2023-05-23T20:42:04","modified_gmt":"2023-05-23T20:42:04","slug":"realizaran-segunda-rodada-intermunicipal-unidos-por-la-paz","status":"publish","type":"post","link":"https:\/\/www.elgrillitosuena.com\/inicio\/noticias\/uruapan\/realizaran-segunda-rodada-intermunicipal-unidos-por-la-paz\/","title":{"rendered":"Realizar\u00e1n segunda Rodada Intermunicipal Unidos por la Paz"},"content":{"rendered":"<p><img decoding=\"async\" loading=\"lazy\" class=\"alignnone  wp-image-23681\" src=\"https:\/\/www.elgrillitosuena.com\/inicio\/wp-content\/uploads\/2023\/05\/5eca54ff-8d78-4167-b089-a0f862627dec-300x200.jpg\" alt=\"\" width=\"725\" height=\"483\" srcset=\"https:\/\/www.elgrillitosuena.com\/inicio\/wp-content\/uploads\/2023\/05\/5eca54ff-8d78-4167-b089-a0f862627dec-300x200.jpg 300w, https:\/\/www.elgrillitosuena.com\/inicio\/wp-content\/uploads\/2023\/05\/5eca54ff-8d78-4167-b089-a0f862627dec-1024x682.jpg 1024w, https:\/\/www.elgrillitosuena.com\/inicio\/wp-content\/uploads\/2023\/05\/5eca54ff-8d78-4167-b089-a0f862627dec-768x512.jpg 768w, https:\/\/www.elgrillitosuena.com\/inicio\/wp-content\/uploads\/2023\/05\/5eca54ff-8d78-4167-b089-a0f862627dec.jpg 1280w\" sizes=\"(max-width: 725px) 100vw, 725px\" \/><\/p>\n<p>\u201cEl deporte es uni\u00f3n, convivencia familiar y deseo de vivir en paz\u201d, resalt\u00f3 Uribe Mac\u00edas Alem\u00e1n, secretario de Administraci\u00f3n, al anunciar la segunda Rodada Intermunicipal por la Paz, que se realizar\u00e1 el pr\u00f3ximo domingo 21 de mayo en el municipio de Tanc\u00edtaro; los organizadores esperan unos 400 participantes de Uruapan, Nuevo Parangaricutiro y del municipio anfitri\u00f3n, en las dos rutas programadas (19 y 26 km).<\/p>\n<p>Ante los medios de comunicaci\u00f3n, Uribe Mac\u00edas indic\u00f3 que autoridades de los tres municipios se\u00f1alados, sin importar colores ni ideolog\u00edas partidistas, coordinan esfuerzos para llevar a cabo este tipo de actividades, con que se fomenta el deporte, la uni\u00f3n familiar y el cuidado de la salud.<\/p>\n<p>A su vez, Antonio Chuela Murgu\u00eda, regidor de Juventud y Deporte, indic\u00f3 que de Uruapan se proyectan 150 participantes. Recomend\u00f3 llevar casco, bicicleta en buen estado y el gran deseo de hacer deporte, convivir y admirar los bellos paisajes de Michoac\u00e1n. En la rueda de prensa tambi\u00e9n particip\u00f3 Gerardo Mora Mora, presidente municipal de Tanc\u00edtaro, entre otros servidores p\u00fablicos y atletas.<\/p>\n","protected":false},"excerpt":{"rendered":"<p>\u201cEl deporte es uni\u00f3n, convivencia familiar y deseo de vivir en paz\u201d, resalt\u00f3 Uribe Mac\u00edas Alem\u00e1n, secretario de Administraci\u00f3n, al anunciar la segunda Rodada Intermunicipal por la Paz, que se realizar\u00e1 el pr\u00f3ximo domingo 21 de mayo en el municipio de Tanc\u00edtaro; los organizadores esperan unos 400 participantes de Uruapan, Nuevo Parangaricutiro y del municipio &hellip;<\/p>\n","protected":false},"author":2,"featured_media":23681,"comment_status":"open","ping_status":"closed","sticky":false,"template":"","format":"standard","meta":[],"categories":[45,37],"tags":[759,5977,5978,63],"_links":{"self":[{"href":"https:\/\/www.elgrillitosuena.com\/inicio\/wp-json\/wp\/v2\/posts\/23680"}],"collection":[{"href":"https:\/\/www.elgrillitosuena.com\/inicio\/wp-json\/wp\/v2\/posts"}],"about":[{"href":"https:\/\/www.elgrillitosuena.com\/inicio\/wp-json\/wp\/v2\/types\/post"}],"author":[{"embeddable":true,"href":"https:\/\/www.elgrillitosuena.com\/inicio\/wp-json\/wp\/v2\/users\/2"}],"replies":[{"embeddable":true,"href":"https:\/\/www.elgrillitosuena.com\/inicio\/wp-json\/wp\/v2\/comments?post=23680"}],"version-history":[{"count":1,"href":"https:\/\/www.elgrillitosuena.com\/inicio\/wp-json\/wp\/v2\/posts\/23680\/revisions"}],"predecessor-version":[{"id":23682,"href":"https:\/\/www.elgrillitosuena.com\/inicio\/wp-json\/wp\/v2\/posts\/23680\/revisions\/23682"}],"wp:featuredmedia":[{"embeddable":true,"href":"https:\/\/www.elgrillitosuena.com\/inicio\/wp-json\/wp\/v2\/media\/23681"}],"wp:attachment":[{"href":"https:\/\/www.elgrillitosuena.com\/inicio\/wp-json\/wp\/v2\/media?parent=23680"}],"wp:term":[{"taxonomy":"category","embeddable":true,"href":"https:\/\/www.elgrillitosuena.com\/inicio\/wp-json\/wp\/v2\/categories?post=23680"},{"taxonomy":"post_tag","embeddable":true,"href":"https:\/\/www.elgrillitosuena.com\/inicio\/wp-json\/wp\/v2\/tags?post=23680"}],"curies":[{"name":"wp","href":"https:\/\/api.w.org\/{rel}","templated":true}]}}