{"id":23508,"date":"2023-04-21T20:08:51","date_gmt":"2023-04-21T20:08:51","guid":{"rendered":"https:\/\/www.elgrillitosuena.com\/inicio\/?p=23508"},"modified":"2023-04-24T20:10:41","modified_gmt":"2023-04-24T20:10:41","slug":"fortalece-nacho-campos-vinculos-con-instituciones-de-bachillerato-y-nivel-superior","status":"publish","type":"post","link":"https:\/\/www.elgrillitosuena.com\/inicio\/noticias\/uruapan\/fortalece-nacho-campos-vinculos-con-instituciones-de-bachillerato-y-nivel-superior\/","title":{"rendered":"Fortalece Nacho Campos v\u00ednculos con instituciones de bachillerato y nivel superior"},"content":{"rendered":"<p><img decoding=\"async\" loading=\"lazy\" class=\"alignnone  wp-image-23509\" src=\"https:\/\/www.elgrillitosuena.com\/inicio\/wp-content\/uploads\/2023\/04\/381e82f8-7525-467b-8e76-2d213d49a9c2-300x200.jpg\" alt=\"\" width=\"746\" height=\"497\" srcset=\"https:\/\/www.elgrillitosuena.com\/inicio\/wp-content\/uploads\/2023\/04\/381e82f8-7525-467b-8e76-2d213d49a9c2-300x200.jpg 300w, https:\/\/www.elgrillitosuena.com\/inicio\/wp-content\/uploads\/2023\/04\/381e82f8-7525-467b-8e76-2d213d49a9c2-1024x682.jpg 1024w, https:\/\/www.elgrillitosuena.com\/inicio\/wp-content\/uploads\/2023\/04\/381e82f8-7525-467b-8e76-2d213d49a9c2-768x512.jpg 768w, https:\/\/www.elgrillitosuena.com\/inicio\/wp-content\/uploads\/2023\/04\/381e82f8-7525-467b-8e76-2d213d49a9c2.jpg 1280w\" sizes=\"(max-width: 746px) 100vw, 746px\" \/><\/p>\n<p>En reuni\u00f3n con la Red de Escuelas Preparatorias y la Red de Universidades, celebrada en el Nuevo Auditorio de la Unidad Deportiva Hermanos L\u00f3pez Ray\u00f3n, Nacho Campos robusteci\u00f3 los lazos de trabajo con ambos sectores, a fin de generar soluciones a las distintas necesidades que tienen los planteles de educaci\u00f3n media superior y superior.<\/p>\n<p>El presidente municipal ofreci\u00f3 a las escuelas p\u00fablicas generar v\u00ednculos entre las instituciones educativas con la Secretar\u00eda de Educaci\u00f3n en el Estado (SEE) y con la Secretar\u00eda de Educaci\u00f3n P\u00fablica (SEP), con el objetivo de ayudarles a resolver sus carencias en infraestructura y mobiliario, entre otros temas.<\/p>\n<p>En tanto que Jaime Verduzco Ortega, secretario de Bienestar y Pol\u00edtica Social, subray\u00f3 que cuenta con el diagn\u00f3stico de cada una de las instituciones educativas de bachillerato y del nivel superior de este municipio; es el documento base para dise\u00f1ar pol\u00edticas p\u00fablicas en beneficio de la educaci\u00f3n.<\/p>\n","protected":false},"excerpt":{"rendered":"<p>En reuni\u00f3n con la Red de Escuelas Preparatorias y la Red de Universidades, celebrada en el Nuevo Auditorio de la Unidad Deportiva Hermanos L\u00f3pez Ray\u00f3n, Nacho Campos robusteci\u00f3 los lazos de trabajo con ambos sectores, a fin de generar soluciones a las distintas necesidades que tienen los planteles de educaci\u00f3n media superior y superior. El &hellip;<\/p>\n","protected":false},"author":2,"featured_media":23509,"comment_status":"open","ping_status":"closed","sticky":false,"template":"","format":"standard","meta":[],"categories":[37],"tags":[2006,1588,5942],"_links":{"self":[{"href":"https:\/\/www.elgrillitosuena.com\/inicio\/wp-json\/wp\/v2\/posts\/23508"}],"collection":[{"href":"https:\/\/www.elgrillitosuena.com\/inicio\/wp-json\/wp\/v2\/posts"}],"about":[{"href":"https:\/\/www.elgrillitosuena.com\/inicio\/wp-json\/wp\/v2\/types\/post"}],"author":[{"embeddable":true,"href":"https:\/\/www.elgrillitosuena.com\/inicio\/wp-json\/wp\/v2\/users\/2"}],"replies":[{"embeddable":true,"href":"https:\/\/www.elgrillitosuena.com\/inicio\/wp-json\/wp\/v2\/comments?post=23508"}],"version-history":[{"count":1,"href":"https:\/\/www.elgrillitosuena.com\/inicio\/wp-json\/wp\/v2\/posts\/23508\/revisions"}],"predecessor-version":[{"id":23510,"href":"https:\/\/www.elgrillitosuena.com\/inicio\/wp-json\/wp\/v2\/posts\/23508\/revisions\/23510"}],"wp:featuredmedia":[{"embeddable":true,"href":"https:\/\/www.elgrillitosuena.com\/inicio\/wp-json\/wp\/v2\/media\/23509"}],"wp:attachment":[{"href":"https:\/\/www.elgrillitosuena.com\/inicio\/wp-json\/wp\/v2\/media?parent=23508"}],"wp:term":[{"taxonomy":"category","embeddable":true,"href":"https:\/\/www.elgrillitosuena.com\/inicio\/wp-json\/wp\/v2\/categories?post=23508"},{"taxonomy":"post_tag","embeddable":true,"href":"https:\/\/www.elgrillitosuena.com\/inicio\/wp-json\/wp\/v2\/tags?post=23508"}],"curies":[{"name":"wp","href":"https:\/\/api.w.org\/{rel}","templated":true}]}}