{"id":23505,"date":"2023-04-21T20:08:05","date_gmt":"2023-04-21T20:08:05","guid":{"rendered":"https:\/\/www.elgrillitosuena.com\/inicio\/?p=23505"},"modified":"2023-04-24T20:08:37","modified_gmt":"2023-04-24T20:08:37","slug":"cabildo-aprueba-acciones-para-fortalecer-la-paz-en-uruapan","status":"publish","type":"post","link":"https:\/\/www.elgrillitosuena.com\/inicio\/noticias\/uruapan\/cabildo-aprueba-acciones-para-fortalecer-la-paz-en-uruapan\/","title":{"rendered":"Cabildo aprueba acciones para fortalecer la paz en Uruapan"},"content":{"rendered":"<p><img decoding=\"async\" loading=\"lazy\" class=\"alignnone wp-image-23506\" src=\"https:\/\/www.elgrillitosuena.com\/inicio\/wp-content\/uploads\/2023\/04\/f87d48e4-59e6-431b-bd52-00e8074136bc-300x200.jpg\" alt=\"\" width=\"740\" height=\"493\" srcset=\"https:\/\/www.elgrillitosuena.com\/inicio\/wp-content\/uploads\/2023\/04\/f87d48e4-59e6-431b-bd52-00e8074136bc-300x200.jpg 300w, https:\/\/www.elgrillitosuena.com\/inicio\/wp-content\/uploads\/2023\/04\/f87d48e4-59e6-431b-bd52-00e8074136bc-1024x682.jpg 1024w, https:\/\/www.elgrillitosuena.com\/inicio\/wp-content\/uploads\/2023\/04\/f87d48e4-59e6-431b-bd52-00e8074136bc-768x512.jpg 768w, https:\/\/www.elgrillitosuena.com\/inicio\/wp-content\/uploads\/2023\/04\/f87d48e4-59e6-431b-bd52-00e8074136bc.jpg 1280w\" sizes=\"(max-width: 740px) 100vw, 740px\" \/><\/p>\n<p>Con el prop\u00f3sito de coadyuvar al fortalecimiento de la paz en Uruapan y la operaci\u00f3n de las instituciones de seguridad, el Cabildo \u2014presidido por Ignacio Campos Equihua\u2014 autoriz\u00f3 ceder en comodato un predio ubicado en la calle Veracruzana, en el fraccionamiento San Rafael, para la construcci\u00f3n de una compa\u00f1\u00eda de la Guardia Nacional.<\/p>\n<p>El predio, con un total de 16 mil 985 metros cuadrados, no saldr\u00e1 del patrimonio municipal, pues ser\u00e1 cedido por un plazo de 30 a\u00f1os, para que la Secretar\u00eda de la Defensa Nacional edifique sus instalaciones, que contar\u00e1n con comandancia, academia, secciones para los elementos, comedor, sala de transmisiones, entre otros espacios indispensables para su funcionamiento.<\/p>\n<p>La s\u00edndica municipal, Magdalena Azeneth Ram\u00edrez, explic\u00f3 que la seguridad p\u00fablica es una funci\u00f3n del estado para salvaguardar la vida, integridad y patrimonio de las personas y contribuir a la paz social, objetivos que pretenden cumplir con la construcci\u00f3n de estas instalaciones.<\/p>\n","protected":false},"excerpt":{"rendered":"<p>Con el prop\u00f3sito de coadyuvar al fortalecimiento de la paz en Uruapan y la operaci\u00f3n de las instituciones de seguridad, el Cabildo \u2014presidido por Ignacio Campos Equihua\u2014 autoriz\u00f3 ceder en comodato un predio ubicado en la calle Veracruzana, en el fraccionamiento San Rafael, para la construcci\u00f3n de una compa\u00f1\u00eda de la Guardia Nacional. El predio, &hellip;<\/p>\n","protected":false},"author":2,"featured_media":23506,"comment_status":"open","ping_status":"closed","sticky":false,"template":"","format":"standard","meta":[],"categories":[3116,37],"tags":[147,5941,1588,63],"_links":{"self":[{"href":"https:\/\/www.elgrillitosuena.com\/inicio\/wp-json\/wp\/v2\/posts\/23505"}],"collection":[{"href":"https:\/\/www.elgrillitosuena.com\/inicio\/wp-json\/wp\/v2\/posts"}],"about":[{"href":"https:\/\/www.elgrillitosuena.com\/inicio\/wp-json\/wp\/v2\/types\/post"}],"author":[{"embeddable":true,"href":"https:\/\/www.elgrillitosuena.com\/inicio\/wp-json\/wp\/v2\/users\/2"}],"replies":[{"embeddable":true,"href":"https:\/\/www.elgrillitosuena.com\/inicio\/wp-json\/wp\/v2\/comments?post=23505"}],"version-history":[{"count":1,"href":"https:\/\/www.elgrillitosuena.com\/inicio\/wp-json\/wp\/v2\/posts\/23505\/revisions"}],"predecessor-version":[{"id":23507,"href":"https:\/\/www.elgrillitosuena.com\/inicio\/wp-json\/wp\/v2\/posts\/23505\/revisions\/23507"}],"wp:featuredmedia":[{"embeddable":true,"href":"https:\/\/www.elgrillitosuena.com\/inicio\/wp-json\/wp\/v2\/media\/23506"}],"wp:attachment":[{"href":"https:\/\/www.elgrillitosuena.com\/inicio\/wp-json\/wp\/v2\/media?parent=23505"}],"wp:term":[{"taxonomy":"category","embeddable":true,"href":"https:\/\/www.elgrillitosuena.com\/inicio\/wp-json\/wp\/v2\/categories?post=23505"},{"taxonomy":"post_tag","embeddable":true,"href":"https:\/\/www.elgrillitosuena.com\/inicio\/wp-json\/wp\/v2\/tags?post=23505"}],"curies":[{"name":"wp","href":"https:\/\/api.w.org\/{rel}","templated":true}]}}