{"id":23498,"date":"2023-04-24T20:01:25","date_gmt":"2023-04-24T20:01:25","guid":{"rendered":"https:\/\/www.elgrillitosuena.com\/inicio\/?p=23498"},"modified":"2023-04-24T20:01:25","modified_gmt":"2023-04-24T20:01:25","slug":"evacuacion-de-mexicanos-por-conflicto-en-sudan-ocurrira-a-mas-tardar-este-martes-ebrard","status":"publish","type":"post","link":"https:\/\/www.elgrillitosuena.com\/inicio\/noticias\/mexico\/evacuacion-de-mexicanos-por-conflicto-en-sudan-ocurrira-a-mas-tardar-este-martes-ebrard\/","title":{"rendered":"Evacuaci\u00f3n de mexicanos por conflicto en Sud\u00e1n ocurrir\u00e1 a m\u00e1s tardar este martes: Ebrard"},"content":{"rendered":"<p><img decoding=\"async\" loading=\"lazy\" class=\"alignnone  wp-image-23499\" src=\"https:\/\/www.elgrillitosuena.com\/inicio\/wp-content\/uploads\/2023\/04\/2939053-300x225.jpg\" alt=\"\" width=\"747\" height=\"560\" srcset=\"https:\/\/www.elgrillitosuena.com\/inicio\/wp-content\/uploads\/2023\/04\/2939053-300x225.jpg 300w, https:\/\/www.elgrillitosuena.com\/inicio\/wp-content\/uploads\/2023\/04\/2939053-768x576.jpg 768w, https:\/\/www.elgrillitosuena.com\/inicio\/wp-content\/uploads\/2023\/04\/2939053.jpg 800w\" sizes=\"(max-width: 747px) 100vw, 747px\" \/><\/p>\n<p>El secretario de Relaciones Exteriores, Marcelo Ebrard, inform\u00f3 que a m\u00e1s tardar este martes ser\u00e1n evacuados los 11 mexicanos que pidieron salir de Sud\u00e1n debido a la situaci\u00f3n de violencia y crisis pol\u00edtica que se enfrenta desde el pasado 15 de abril. Dos m\u00e1s decidieron permanecer en este pa\u00eds.<\/p>\n<p>Este lunes 24 de abril, a bordo de un avi\u00f3n de la fuerza a\u00e9rea de Espa\u00f1a, llegaron a Madrid los primeros cinco mexicanos y faltar\u00edan tres m\u00e1s incluyendo un par de religiosas.<\/p>\n<p>Al anunciar esta ma\u00f1ana la apertura de cinco nuevas embajadas de M\u00e9xico en Kazajist\u00e1n, Bangladesh, Pakist\u00e1n, Costa de Marfil y Senegal, as\u00ed como seis representaciones consulares, el canciller reconoci\u00f3 que a partir de la pandemia cuando hubo que llevar tareas de evacuaci\u00f3n desde distintas naciones se elabor\u00f3 un registro de connacionales en el exterior.<\/p>\n<blockquote><p>\u201cNos dimos cuenta de qu\u00e9 tama\u00f1o es la presencia de M\u00e9xico en todo el mundo y es extens\u00edsima, pr\u00e1cticamente no hubo pa\u00eds del cual no tuvi\u00e9ramos que haber hecho algo para ayudar a evacuar a mexicanas y mexicanos como ahora lo estamos haciendo en Sud\u00e1n que ya llegaron a Madrid los primeros cinco y dos familiares est\u00e1n en la embajada de M\u00e9xico, en nuestro territorio por decirlo as\u00ed y vendr\u00e1n pronto nuestro pa\u00eds.<\/p><\/blockquote>\n<blockquote><p>\u201cOtra integrante de una misi\u00f3n de la ONU est\u00e1 por salir, dos religiosas est\u00e1n por salir; entonces, casi estar\u00edamos a lo largo de este d\u00eda o ma\u00f1ana terminando ese proceso de evacuaci\u00f3n\u201d.<\/p><\/blockquote>\n<p><strong>Cinco nuevas embajadas de M\u00e9xico<\/strong><\/p>\n<p>El secretario afirm\u00f3 que por esta alta presencia de mexicanos en el mundo se justifica la\u00a0instalaci\u00f3n de cinco embajadas, cuyos nuevo titulares ser\u00e1n nombrados a partir de un proceso de selecci\u00f3n denominado Benito Ju\u00e1rez 2023, que incluye dos concursos para\u00a0100 nuevas plazas dentro del servicio exterior.<\/p>\n<blockquote><p>\u201cTodo eso es consolidar la cancilleria, el Servicio Exterior Mexicano, reconocimiento a su inmenso servicio que ha prestado en estos a\u00f1os, durante la pandemia muy especialmente que fue notable el papel del Servicio Exterior de M\u00e9xico. Adem\u00e1s de ello, proyectar y proteger adecuadamente los intereses de M\u00e9xico en el exterior\u201d<\/p><\/blockquote>\n<p>Ebrard aclar\u00f3 que los cinco nombramientos para las embajadas corresponder\u00e1 a integrantes del SEM, que se basar\u00e1 en el m\u00e9rito de quienes se postulen al cargo.<\/p>\n<p>&nbsp;<\/p>\n","protected":false},"excerpt":{"rendered":"<p>El secretario de Relaciones Exteriores, Marcelo Ebrard, inform\u00f3 que a m\u00e1s tardar este martes ser\u00e1n evacuados los 11 mexicanos que pidieron salir de Sud\u00e1n debido a la situaci\u00f3n de violencia y crisis pol\u00edtica que se enfrenta desde el pasado 15 de abril. Dos m\u00e1s decidieron permanecer en este pa\u00eds. Este lunes 24 de abril, a &hellip;<\/p>\n","protected":false},"author":2,"featured_media":23499,"comment_status":"open","ping_status":"closed","sticky":false,"template":"","format":"standard","meta":[],"categories":[39,40],"tags":[245,156,5939],"_links":{"self":[{"href":"https:\/\/www.elgrillitosuena.com\/inicio\/wp-json\/wp\/v2\/posts\/23498"}],"collection":[{"href":"https:\/\/www.elgrillitosuena.com\/inicio\/wp-json\/wp\/v2\/posts"}],"about":[{"href":"https:\/\/www.elgrillitosuena.com\/inicio\/wp-json\/wp\/v2\/types\/post"}],"author":[{"embeddable":true,"href":"https:\/\/www.elgrillitosuena.com\/inicio\/wp-json\/wp\/v2\/users\/2"}],"replies":[{"embeddable":true,"href":"https:\/\/www.elgrillitosuena.com\/inicio\/wp-json\/wp\/v2\/comments?post=23498"}],"version-history":[{"count":1,"href":"https:\/\/www.elgrillitosuena.com\/inicio\/wp-json\/wp\/v2\/posts\/23498\/revisions"}],"predecessor-version":[{"id":23500,"href":"https:\/\/www.elgrillitosuena.com\/inicio\/wp-json\/wp\/v2\/posts\/23498\/revisions\/23500"}],"wp:featuredmedia":[{"embeddable":true,"href":"https:\/\/www.elgrillitosuena.com\/inicio\/wp-json\/wp\/v2\/media\/23499"}],"wp:attachment":[{"href":"https:\/\/www.elgrillitosuena.com\/inicio\/wp-json\/wp\/v2\/media?parent=23498"}],"wp:term":[{"taxonomy":"category","embeddable":true,"href":"https:\/\/www.elgrillitosuena.com\/inicio\/wp-json\/wp\/v2\/categories?post=23498"},{"taxonomy":"post_tag","embeddable":true,"href":"https:\/\/www.elgrillitosuena.com\/inicio\/wp-json\/wp\/v2\/tags?post=23498"}],"curies":[{"name":"wp","href":"https:\/\/api.w.org\/{rel}","templated":true}]}}