{"id":23495,"date":"2023-04-24T19:57:37","date_gmt":"2023-04-24T19:57:37","guid":{"rendered":"https:\/\/www.elgrillitosuena.com\/inicio\/?p=23495"},"modified":"2023-04-24T19:57:37","modified_gmt":"2023-04-24T19:57:37","slug":"rusia-ordena-expulsar-a-varios-diplomaticos-alemanes-acusa-a-berlin-de-tomar-la-misma-medida","status":"publish","type":"post","link":"https:\/\/www.elgrillitosuena.com\/inicio\/noticias\/mundo\/rusia-ordena-expulsar-a-varios-diplomaticos-alemanes-acusa-a-berlin-de-tomar-la-misma-medida\/","title":{"rendered":"Rusia ordena expulsar a varios diplom\u00e1ticos alemanes; acusa a Berl\u00edn de tomar la misma medida"},"content":{"rendered":"<p><img decoding=\"async\" loading=\"lazy\" class=\"alignnone  wp-image-23496\" src=\"https:\/\/www.elgrillitosuena.com\/inicio\/wp-content\/uploads\/2023\/04\/alemania-trabaja-para-cortar-el-control-ruso-de-instalaciones-energeticas-criticas-14884-300x188.jpg\" alt=\"\" width=\"737\" height=\"462\" srcset=\"https:\/\/www.elgrillitosuena.com\/inicio\/wp-content\/uploads\/2023\/04\/alemania-trabaja-para-cortar-el-control-ruso-de-instalaciones-energeticas-criticas-14884-300x188.jpg 300w, https:\/\/www.elgrillitosuena.com\/inicio\/wp-content\/uploads\/2023\/04\/alemania-trabaja-para-cortar-el-control-ruso-de-instalaciones-energeticas-criticas-14884-768x480.jpg 768w, https:\/\/www.elgrillitosuena.com\/inicio\/wp-content\/uploads\/2023\/04\/alemania-trabaja-para-cortar-el-control-ruso-de-instalaciones-energeticas-criticas-14884.jpg 800w\" sizes=\"(max-width: 737px) 100vw, 737px\" \/><\/p>\n<p>Alemania habr\u00eda decidido una expulsi\u00f3n &#8220;masiva&#8221; de los diplom\u00e1ticos rusos, y por ello, Mosc\u00fa est\u00e1 respondiendo del mismo modo a la salida masiva de sus diplom\u00e1ticos de Berl\u00edn, dijo el Ministerio de Relaciones Exteriores de Rusia en un nuevo cap\u00edtulo de las tensiones pol\u00edticas entre dos pa\u00edses que ya se han cruzado varias medidas de este tipo en el \u00faltimo a\u00f1o.<\/p>\n<blockquote><p>&#8220;Las autoridades alemanas tomaron una decisi\u00f3n sobre otra expulsi\u00f3n masiva de empleados de las misiones diplom\u00e1ticas rusas en Alemania. Condenamos en\u00e9rgicamente estas acciones de Berl\u00edn, que contin\u00faa destruyendo desafiantemente toda la gama de relaciones ruso-alemanas&#8221;, dijo el ministerio.\u00a0&#8220;Como reacci\u00f3n a las acciones hostiles de Berl\u00edn, la parte rusa decidi\u00f3 imitar la expulsi\u00f3n de diplom\u00e1ticos alemanes de Rusia, as\u00ed como limitar significativamente el n\u00famero m\u00e1ximo de empleados de las misiones diplom\u00e1ticas alemanas en nuestro pa\u00eds&#8221;, dijo el ministerio.<\/p><\/blockquote>\n<p>No revel\u00f3 el n\u00famero de diplom\u00e1ticos involucrados,\u00a0pero de acuerdo con el diario alem\u00e1n Bild,\u00a0ser\u00edan al menos una treintena de funcionarios.\u00a0El Ministerio de Exteriores ruso considera que Berl\u00edn quiere &#8220;destruir por completo&#8221; las relaciones con Mosc\u00fa con acciones &#8220;hostiles&#8221;.\u00a0Las relaciones entre ambos pa\u00edses, que sol\u00eda ser el mayor comprador de petr\u00f3leo y gas ruso, se han deteriorado desde que Rusia envi\u00f3 tropas a Ucrania en febrero de 2022 y Occidente respondi\u00f3 con sanciones.<\/p>\n<p>Dijeron\u00a0que el embajador de Alemania en Mosc\u00fa hab\u00eda sido notificado sobre los movimientos el 5 de abril.\u00a0El gobierno ruso tambi\u00e9n ha recriminado a berl\u00edn sus supuestas indiscreciones, ya que habr\u00eda incumplido &#8220;garant\u00edas&#8221; para no hacer p\u00fablicas las medidas adoptadas al utilizar a medios de comunicaci\u00f3n con &#8220;filtraciones controladas&#8221; de informaci\u00f3n.<\/p>\n","protected":false},"excerpt":{"rendered":"<p>Alemania habr\u00eda decidido una expulsi\u00f3n &#8220;masiva&#8221; de los diplom\u00e1ticos rusos, y por ello, Mosc\u00fa est\u00e1 respondiendo del mismo modo a la salida masiva de sus diplom\u00e1ticos de Berl\u00edn, dijo el Ministerio de Relaciones Exteriores de Rusia en un nuevo cap\u00edtulo de las tensiones pol\u00edticas entre dos pa\u00edses que ya se han cruzado varias medidas de &hellip;<\/p>\n","protected":false},"author":2,"featured_media":23496,"comment_status":"open","ping_status":"closed","sticky":false,"template":"","format":"standard","meta":[],"categories":[40],"tags":[961,5938,1807,125],"_links":{"self":[{"href":"https:\/\/www.elgrillitosuena.com\/inicio\/wp-json\/wp\/v2\/posts\/23495"}],"collection":[{"href":"https:\/\/www.elgrillitosuena.com\/inicio\/wp-json\/wp\/v2\/posts"}],"about":[{"href":"https:\/\/www.elgrillitosuena.com\/inicio\/wp-json\/wp\/v2\/types\/post"}],"author":[{"embeddable":true,"href":"https:\/\/www.elgrillitosuena.com\/inicio\/wp-json\/wp\/v2\/users\/2"}],"replies":[{"embeddable":true,"href":"https:\/\/www.elgrillitosuena.com\/inicio\/wp-json\/wp\/v2\/comments?post=23495"}],"version-history":[{"count":1,"href":"https:\/\/www.elgrillitosuena.com\/inicio\/wp-json\/wp\/v2\/posts\/23495\/revisions"}],"predecessor-version":[{"id":23497,"href":"https:\/\/www.elgrillitosuena.com\/inicio\/wp-json\/wp\/v2\/posts\/23495\/revisions\/23497"}],"wp:featuredmedia":[{"embeddable":true,"href":"https:\/\/www.elgrillitosuena.com\/inicio\/wp-json\/wp\/v2\/media\/23496"}],"wp:attachment":[{"href":"https:\/\/www.elgrillitosuena.com\/inicio\/wp-json\/wp\/v2\/media?parent=23495"}],"wp:term":[{"taxonomy":"category","embeddable":true,"href":"https:\/\/www.elgrillitosuena.com\/inicio\/wp-json\/wp\/v2\/categories?post=23495"},{"taxonomy":"post_tag","embeddable":true,"href":"https:\/\/www.elgrillitosuena.com\/inicio\/wp-json\/wp\/v2\/tags?post=23495"}],"curies":[{"name":"wp","href":"https:\/\/api.w.org\/{rel}","templated":true}]}}