{"id":23487,"date":"2023-04-24T19:12:38","date_gmt":"2023-04-24T19:12:38","guid":{"rendered":"https:\/\/www.elgrillitosuena.com\/inicio\/?p=23487"},"modified":"2023-04-24T19:12:38","modified_gmt":"2023-04-24T19:12:38","slug":"refuerzan-recoleccion-de-basura-en-uruapan-con-cuatro-camiones-mas","status":"publish","type":"post","link":"https:\/\/www.elgrillitosuena.com\/inicio\/noticias\/uruapan\/refuerzan-recoleccion-de-basura-en-uruapan-con-cuatro-camiones-mas\/","title":{"rendered":"Refuerzan recolecci\u00f3n de basura en Uruapan con cuatro camiones m\u00e1s"},"content":{"rendered":"<p><img decoding=\"async\" loading=\"lazy\" class=\"alignnone size-medium wp-image-23488\" src=\"https:\/\/www.elgrillitosuena.com\/inicio\/wp-content\/uploads\/2023\/04\/IMG-20230424-WA0121-300x169.jpg\" alt=\"\" width=\"300\" height=\"169\" srcset=\"https:\/\/www.elgrillitosuena.com\/inicio\/wp-content\/uploads\/2023\/04\/IMG-20230424-WA0121-300x169.jpg 300w, https:\/\/www.elgrillitosuena.com\/inicio\/wp-content\/uploads\/2023\/04\/IMG-20230424-WA0121-1024x576.jpg 1024w, https:\/\/www.elgrillitosuena.com\/inicio\/wp-content\/uploads\/2023\/04\/IMG-20230424-WA0121-768x432.jpg 768w, https:\/\/www.elgrillitosuena.com\/inicio\/wp-content\/uploads\/2023\/04\/IMG-20230424-WA0121.jpg 1280w\" sizes=\"(max-width: 300px) 100vw, 300px\" \/><\/p>\n<p>Con el objetivo de reforzar las tareas de recolecci\u00f3n de basura en toda la geograf\u00eda municipal, el gobierno que preside Nacho Campos puso en operaci\u00f3n otros cuatro camiones recolectores, que se suman a los 25 que est\u00e1n en funcionamiento actualmente para cubrir 35 rutas.<\/p>\n<p>Aunado a este esfuerzo, la Direcci\u00f3n de Sanidad y Limpia ajust\u00f3 la asignaci\u00f3n de rutas, en sus turnos matutino y vespertino, para garantizar la operatividad de la dependencia. Sin embargo, la administraci\u00f3n municipal hizo hincapi\u00e9 en que es necesario que los ciudadanos sean corresponsables y ayuden a mantener un Uruapan limpio.<\/p>\n<p>Felipe Constantino Espinoza, secretario de Servicios P\u00fablico Municipales, adelant\u00f3 que en un plazo no mayor a 10 d\u00edas el servicio estar\u00e1 regularizado y pasar\u00e1n a otra etapa de acciones para evitar y sancionar a quienes sean sorprendidos tirando su basura en la calle.<\/p>\n","protected":false},"excerpt":{"rendered":"<p>Con el objetivo de reforzar las tareas de recolecci\u00f3n de basura en toda la geograf\u00eda municipal, el gobierno que preside Nacho Campos puso en operaci\u00f3n otros cuatro camiones recolectores, que se suman a los 25 que est\u00e1n en funcionamiento actualmente para cubrir 35 rutas. Aunado a este esfuerzo, la Direcci\u00f3n de Sanidad y Limpia ajust\u00f3 &hellip;<\/p>\n","protected":false},"author":3,"featured_media":23488,"comment_status":"open","ping_status":"closed","sticky":false,"template":"","format":"standard","meta":[],"categories":[37],"tags":[1588,5312,63],"_links":{"self":[{"href":"https:\/\/www.elgrillitosuena.com\/inicio\/wp-json\/wp\/v2\/posts\/23487"}],"collection":[{"href":"https:\/\/www.elgrillitosuena.com\/inicio\/wp-json\/wp\/v2\/posts"}],"about":[{"href":"https:\/\/www.elgrillitosuena.com\/inicio\/wp-json\/wp\/v2\/types\/post"}],"author":[{"embeddable":true,"href":"https:\/\/www.elgrillitosuena.com\/inicio\/wp-json\/wp\/v2\/users\/3"}],"replies":[{"embeddable":true,"href":"https:\/\/www.elgrillitosuena.com\/inicio\/wp-json\/wp\/v2\/comments?post=23487"}],"version-history":[{"count":1,"href":"https:\/\/www.elgrillitosuena.com\/inicio\/wp-json\/wp\/v2\/posts\/23487\/revisions"}],"predecessor-version":[{"id":23489,"href":"https:\/\/www.elgrillitosuena.com\/inicio\/wp-json\/wp\/v2\/posts\/23487\/revisions\/23489"}],"wp:featuredmedia":[{"embeddable":true,"href":"https:\/\/www.elgrillitosuena.com\/inicio\/wp-json\/wp\/v2\/media\/23488"}],"wp:attachment":[{"href":"https:\/\/www.elgrillitosuena.com\/inicio\/wp-json\/wp\/v2\/media?parent=23487"}],"wp:term":[{"taxonomy":"category","embeddable":true,"href":"https:\/\/www.elgrillitosuena.com\/inicio\/wp-json\/wp\/v2\/categories?post=23487"},{"taxonomy":"post_tag","embeddable":true,"href":"https:\/\/www.elgrillitosuena.com\/inicio\/wp-json\/wp\/v2\/tags?post=23487"}],"curies":[{"name":"wp","href":"https:\/\/api.w.org\/{rel}","templated":true}]}}