{"id":23349,"date":"2023-03-30T20:40:23","date_gmt":"2023-03-30T20:40:23","guid":{"rendered":"https:\/\/www.elgrillitosuena.com\/inicio\/?p=23349"},"modified":"2023-03-30T20:40:23","modified_gmt":"2023-03-30T20:40:23","slug":"banxico-aumenta-a-11-25-su-tasa-de-interes","status":"publish","type":"post","link":"https:\/\/www.elgrillitosuena.com\/inicio\/noticias\/mexico\/banxico-aumenta-a-11-25-su-tasa-de-interes\/","title":{"rendered":"Banxico aumenta a 11.25% su tasa de inter\u00e9s"},"content":{"rendered":"<p><img decoding=\"async\" loading=\"lazy\" class=\"alignnone  wp-image-23350\" src=\"https:\/\/www.elgrillitosuena.com\/inicio\/wp-content\/uploads\/2023\/03\/Banco-de-M\u00e9xico-FLA_9730-300x169.jpg\" alt=\"\" width=\"756\" height=\"426\" srcset=\"https:\/\/www.elgrillitosuena.com\/inicio\/wp-content\/uploads\/2023\/03\/Banco-de-M\u00e9xico-FLA_9730-300x169.jpg 300w, https:\/\/www.elgrillitosuena.com\/inicio\/wp-content\/uploads\/2023\/03\/Banco-de-M\u00e9xico-FLA_9730-1024x576.jpg 1024w, https:\/\/www.elgrillitosuena.com\/inicio\/wp-content\/uploads\/2023\/03\/Banco-de-M\u00e9xico-FLA_9730-768x432.jpg 768w, https:\/\/www.elgrillitosuena.com\/inicio\/wp-content\/uploads\/2023\/03\/Banco-de-M\u00e9xico-FLA_9730.jpg 1280w\" sizes=\"(max-width: 756px) 100vw, 756px\" \/><\/p>\n<p>El\u00a0Banco de M\u00e9xico\u00a0aument\u00f3 hoy 30 de marzo su\u00a0tasa de inter\u00e9s en 25 puntos base para llevarla a 11.25%, con lo que\u00a0redujo el ritmo de incrementos\u00a0que ven\u00eda aplicando ante la inflaci\u00f3n y los riesgos econ\u00f3micos a nivel mundial.<\/p>\n<p>La Junta de Gobierno determin\u00f3 este aumento por unanimidad de todos sus miembros tras el an\u00e1lisis de la econom\u00eda mexicana y el entorno mundial, en donde destac\u00f3 que la\u00a0inflaci\u00f3n en el pa\u00eds disminuy\u00f3 m\u00e1s de lo previsto\u00a0luego de que en la primera quincena de marzo se desaceler\u00f3 a 7.12%.<\/p>\n<blockquote><p>&#8220;La Junta de Gobierno evalu\u00f3 la magnitud y diversidad de los choques inflacionarios y sus determinantes, as\u00ed como la evoluci\u00f3n de las expectativas de mediano y largo plazos y el proceso de formaci\u00f3n de precios. Consider\u00f3 los retos ante el apretamiento de las condiciones financieras globales, el entorno de incertidumbre, la persistencia de las presiones inflacionarias acumuladas y la posibilidad de mayores afectaciones a la inflaci\u00f3n, as\u00ed como la postura monetaria que ya se ha alcanzado en este ciclo alcista&#8221;, indic\u00f3 sobre su decisi\u00f3n.<\/p><\/blockquote>\n<p>El banco central destac\u00f3 que la\u00a0actividad econ\u00f3mica del pa\u00eds ha mostrado resilicencia\u00a0ante un entorno externo complejo y\u00a0a principios de 2023 continu\u00f3 creciendo a un ritmo moderado. &#8220;El mercado laboral muestra fortaleza&#8221;, puntualiz\u00f3.<\/p>\n<p>Agreg\u00f3 que con esta decisi\u00f3n\u00a0se ajusta la postura de pol\u00edtica monetaria\u00a0a la trayectoria &#8220;que se requiere para que la inflaci\u00f3n converja a su meta de 3% dentro del horizonte de pron\u00f3stico&#8221;.<\/p>\n","protected":false},"excerpt":{"rendered":"<p>El\u00a0Banco de M\u00e9xico\u00a0aument\u00f3 hoy 30 de marzo su\u00a0tasa de inter\u00e9s en 25 puntos base para llevarla a 11.25%, con lo que\u00a0redujo el ritmo de incrementos\u00a0que ven\u00eda aplicando ante la inflaci\u00f3n y los riesgos econ\u00f3micos a nivel mundial. La Junta de Gobierno determin\u00f3 este aumento por unanimidad de todos sus miembros tras el an\u00e1lisis de la &hellip;<\/p>\n","protected":false},"author":2,"featured_media":23350,"comment_status":"open","ping_status":"closed","sticky":false,"template":"","format":"standard","meta":[],"categories":[39],"tags":[1785,3425,308],"_links":{"self":[{"href":"https:\/\/www.elgrillitosuena.com\/inicio\/wp-json\/wp\/v2\/posts\/23349"}],"collection":[{"href":"https:\/\/www.elgrillitosuena.com\/inicio\/wp-json\/wp\/v2\/posts"}],"about":[{"href":"https:\/\/www.elgrillitosuena.com\/inicio\/wp-json\/wp\/v2\/types\/post"}],"author":[{"embeddable":true,"href":"https:\/\/www.elgrillitosuena.com\/inicio\/wp-json\/wp\/v2\/users\/2"}],"replies":[{"embeddable":true,"href":"https:\/\/www.elgrillitosuena.com\/inicio\/wp-json\/wp\/v2\/comments?post=23349"}],"version-history":[{"count":1,"href":"https:\/\/www.elgrillitosuena.com\/inicio\/wp-json\/wp\/v2\/posts\/23349\/revisions"}],"predecessor-version":[{"id":23351,"href":"https:\/\/www.elgrillitosuena.com\/inicio\/wp-json\/wp\/v2\/posts\/23349\/revisions\/23351"}],"wp:featuredmedia":[{"embeddable":true,"href":"https:\/\/www.elgrillitosuena.com\/inicio\/wp-json\/wp\/v2\/media\/23350"}],"wp:attachment":[{"href":"https:\/\/www.elgrillitosuena.com\/inicio\/wp-json\/wp\/v2\/media?parent=23349"}],"wp:term":[{"taxonomy":"category","embeddable":true,"href":"https:\/\/www.elgrillitosuena.com\/inicio\/wp-json\/wp\/v2\/categories?post=23349"},{"taxonomy":"post_tag","embeddable":true,"href":"https:\/\/www.elgrillitosuena.com\/inicio\/wp-json\/wp\/v2\/tags?post=23349"}],"curies":[{"name":"wp","href":"https:\/\/api.w.org\/{rel}","templated":true}]}}