{"id":23346,"date":"2023-03-30T20:36:24","date_gmt":"2023-03-30T20:36:24","guid":{"rendered":"https:\/\/www.elgrillitosuena.com\/inicio\/?p=23346"},"modified":"2023-03-30T20:36:24","modified_gmt":"2023-03-30T20:36:24","slug":"papa-francisco-tiene-bronquitis-infecciosa-podria-recibir-el-alta-en-los-proximos-dias","status":"publish","type":"post","link":"https:\/\/www.elgrillitosuena.com\/inicio\/noticias\/mundo\/papa-francisco-tiene-bronquitis-infecciosa-podria-recibir-el-alta-en-los-proximos-dias\/","title":{"rendered":"Papa Francisco tiene bronquitis infecciosa; podr\u00eda recibir el alta en los pr\u00f3ximos d\u00edas"},"content":{"rendered":"<p><img decoding=\"async\" loading=\"lazy\" class=\" wp-image-23347\" src=\"https:\/\/www.elgrillitosuena.com\/inicio\/wp-content\/uploads\/2023\/03\/3U4NVKVXNNA5ZM4C5BYIV4O33Q-300x169.jpg\" alt=\"\" width=\"728\" height=\"410\" srcset=\"https:\/\/www.elgrillitosuena.com\/inicio\/wp-content\/uploads\/2023\/03\/3U4NVKVXNNA5ZM4C5BYIV4O33Q-300x169.jpg 300w, https:\/\/www.elgrillitosuena.com\/inicio\/wp-content\/uploads\/2023\/03\/3U4NVKVXNNA5ZM4C5BYIV4O33Q-1024x576.jpg 1024w, https:\/\/www.elgrillitosuena.com\/inicio\/wp-content\/uploads\/2023\/03\/3U4NVKVXNNA5ZM4C5BYIV4O33Q-768x432.jpg 768w, https:\/\/www.elgrillitosuena.com\/inicio\/wp-content\/uploads\/2023\/03\/3U4NVKVXNNA5ZM4C5BYIV4O33Q-1536x864.jpg 1536w, https:\/\/www.elgrillitosuena.com\/inicio\/wp-content\/uploads\/2023\/03\/3U4NVKVXNNA5ZM4C5BYIV4O33Q.jpg 1920w\" sizes=\"(max-width: 728px) 100vw, 728px\" \/><\/p>\n<p>La salud del papa Francisco, hospitalizado desde el mi\u00e9rcoles en Roma, registr\u00f3 &#8220;una clara mejor\u00eda&#8221; tras la administraci\u00f3n de una &#8220;terapia antiobi\u00f3tica&#8221; contra &#8220;una bronquitis infecciosa&#8221;, inform\u00f3 este jueves el Vaticano.<\/p>\n<blockquote><p>&#8220;En el marco de los controles cl\u00ednicos (&#8230;) se detect\u00f3 una bronquitis infecciosa que requiri\u00f3 la administraci\u00f3n de una terapia antibi\u00f3tica a base de infusi\u00f3n que produjo los efectos esperados, con una clara mejor\u00eda del estado de salud&#8221;, indic\u00f3 el segundo informe diario de la oficina de prensa de la Santa Sede, a\u00f1adiendo que el pont\u00edfice podr\u00eda ser dado de alta &#8220;en los pr\u00f3ximos d\u00edas. El papa Francisco pas\u00f3 la tarde en el hospital Gemelli dedic\u00e1ndose al descanso, la oraci\u00f3n y algo de trabajo&#8221;.<\/p><\/blockquote>\n<p>El Papa fue trasladado al hospital el mi\u00e9rcoles despu\u00e9s de quejarse de dificultades respiratorias, lo que gener\u00f3 nuevas preocupaciones sobre la salud del pont\u00edfice de 86 a\u00f1os, que sufre una serie de dolencias. Citando al equipo m\u00e9dico de Francisco, el Vaticano dijo que al Papa le hab\u00edan diagnosticado un virus de bronquitis infecciosa, una enfermedad respiratoria altamente contagiosa, que requer\u00eda una infusi\u00f3n intravenosa de antibi\u00f3ticos.<\/p>\n<p>M\u00e1s temprano el jueves, indicando que Francisco no estaba confinado en su cama, el Vaticano dijo que hab\u00eda orado en la peque\u00f1a capilla dentro de su suite privada en el hospital. No estaba claro si Francisco podr\u00eda participar en alguno de los pr\u00f3ximos eventos de Semana Santa, uno de los per\u00edodos m\u00e1s ocupados en el calendario de la Iglesia, que comienza con el Domingo de Ramos el 2 de abril, aunque ya suspendi\u00f3 algunos de ellos su participaci\u00f3n.<\/p>\n<blockquote><p>\u201cEstoy conmovido por los muchos mensajes recibidos en estas horas y agradezco la cercan\u00eda y la oraci\u00f3n\u201d, escribi\u00f3 el Papa por separado en Twitter.<\/p><\/blockquote>\n<p>&nbsp;<\/p>\n","protected":false},"excerpt":{"rendered":"<p>La salud del papa Francisco, hospitalizado desde el mi\u00e9rcoles en Roma, registr\u00f3 &#8220;una clara mejor\u00eda&#8221; tras la administraci\u00f3n de una &#8220;terapia antiobi\u00f3tica&#8221; contra &#8220;una bronquitis infecciosa&#8221;, inform\u00f3 este jueves el Vaticano. &#8220;En el marco de los controles cl\u00ednicos (&#8230;) se detect\u00f3 una bronquitis infecciosa que requiri\u00f3 la administraci\u00f3n de una terapia antibi\u00f3tica a base de &hellip;<\/p>\n","protected":false},"author":2,"featured_media":23347,"comment_status":"open","ping_status":"closed","sticky":false,"template":"","format":"standard","meta":[],"categories":[40],"tags":[5896,1338,436],"_links":{"self":[{"href":"https:\/\/www.elgrillitosuena.com\/inicio\/wp-json\/wp\/v2\/posts\/23346"}],"collection":[{"href":"https:\/\/www.elgrillitosuena.com\/inicio\/wp-json\/wp\/v2\/posts"}],"about":[{"href":"https:\/\/www.elgrillitosuena.com\/inicio\/wp-json\/wp\/v2\/types\/post"}],"author":[{"embeddable":true,"href":"https:\/\/www.elgrillitosuena.com\/inicio\/wp-json\/wp\/v2\/users\/2"}],"replies":[{"embeddable":true,"href":"https:\/\/www.elgrillitosuena.com\/inicio\/wp-json\/wp\/v2\/comments?post=23346"}],"version-history":[{"count":1,"href":"https:\/\/www.elgrillitosuena.com\/inicio\/wp-json\/wp\/v2\/posts\/23346\/revisions"}],"predecessor-version":[{"id":23348,"href":"https:\/\/www.elgrillitosuena.com\/inicio\/wp-json\/wp\/v2\/posts\/23346\/revisions\/23348"}],"wp:featuredmedia":[{"embeddable":true,"href":"https:\/\/www.elgrillitosuena.com\/inicio\/wp-json\/wp\/v2\/media\/23347"}],"wp:attachment":[{"href":"https:\/\/www.elgrillitosuena.com\/inicio\/wp-json\/wp\/v2\/media?parent=23346"}],"wp:term":[{"taxonomy":"category","embeddable":true,"href":"https:\/\/www.elgrillitosuena.com\/inicio\/wp-json\/wp\/v2\/categories?post=23346"},{"taxonomy":"post_tag","embeddable":true,"href":"https:\/\/www.elgrillitosuena.com\/inicio\/wp-json\/wp\/v2\/tags?post=23346"}],"curies":[{"name":"wp","href":"https:\/\/api.w.org\/{rel}","templated":true}]}}