{"id":23328,"date":"2023-03-26T11:41:05","date_gmt":"2023-03-26T11:41:05","guid":{"rendered":"https:\/\/www.elgrillitosuena.com\/inicio\/?p=23328"},"modified":"2023-03-29T20:43:49","modified_gmt":"2023-03-29T20:43:49","slug":"uruapan-listo-para-el-tianguis-artesanal-mas-grande-de-latinoamerica","status":"publish","type":"post","link":"https:\/\/www.elgrillitosuena.com\/inicio\/noticias\/uruapan\/uruapan-listo-para-el-tianguis-artesanal-mas-grande-de-latinoamerica\/","title":{"rendered":"Uruapan, listo para el Tianguis Artesanal m\u00e1s grande de Latinoam\u00e9rica"},"content":{"rendered":"<p><img decoding=\"async\" loading=\"lazy\" class=\"alignnone  wp-image-23329\" src=\"https:\/\/www.elgrillitosuena.com\/inicio\/wp-content\/uploads\/2023\/03\/1a174dce-da0a-4759-9d4e-79da27028654-300x225.jpg\" alt=\"\" width=\"717\" height=\"538\" srcset=\"https:\/\/www.elgrillitosuena.com\/inicio\/wp-content\/uploads\/2023\/03\/1a174dce-da0a-4759-9d4e-79da27028654-300x225.jpg 300w, https:\/\/www.elgrillitosuena.com\/inicio\/wp-content\/uploads\/2023\/03\/1a174dce-da0a-4759-9d4e-79da27028654-768x576.jpg 768w, https:\/\/www.elgrillitosuena.com\/inicio\/wp-content\/uploads\/2023\/03\/1a174dce-da0a-4759-9d4e-79da27028654.jpg 1024w\" sizes=\"(max-width: 717px) 100vw, 717px\" \/><\/p>\n<p>El presidente municipal, Nacho Campos, inform\u00f3 que Uruapan est\u00e1 listo para albergar con \u00e9xito el m\u00e1ximo escaparate artesanal de Latinoam\u00e9rica, que este d\u00eda inici\u00f3 las inscripciones para el LXII Concurso Estatal de Artesan\u00edas.<\/p>\n<p>Dio la bienvenida a los creadores provenientes de diversas comunidades de Michoac\u00e1n, quienes participan en este concurso que contempla 20 categor\u00edas y prev\u00e9 una bolsa econ\u00f3mica de 1 mill\u00f3n 300 mil pesos a repartirse en 297 premios, as\u00ed como 12 especiales.<\/p>\n<p>Nacho Campos les felicit\u00f3 por ser depositarios de esta riqueza ancestral que fortalece nuestra identidad y convierte a Uruapan en el epicentro del arte popular.<\/p>\n<p>En contexto, hoy iniciaron las inscripciones de piezas de alfarer\u00eda en general, guitarras, instrumentos de cuerda, laca perfilada en oro, maque, pasta de ca\u00f1a y cerer\u00eda; el lunes 27 de marzo corresponde a textiles en general y el 28, cobre, madera tallada, madera, esmaltada, laqueada y entintada, m\u00e1scaras, palma de ramos, fibras vegetales, joyer\u00eda, miniatura, jugueter\u00eda, arte plumario, canter\u00eda y lapidaria.<\/p>\n","protected":false},"excerpt":{"rendered":"<p>El presidente municipal, Nacho Campos, inform\u00f3 que Uruapan est\u00e1 listo para albergar con \u00e9xito el m\u00e1ximo escaparate artesanal de Latinoam\u00e9rica, que este d\u00eda inici\u00f3 las inscripciones para el LXII Concurso Estatal de Artesan\u00edas. Dio la bienvenida a los creadores provenientes de diversas comunidades de Michoac\u00e1n, quienes participan en este concurso que contempla 20 categor\u00edas y &hellip;<\/p>\n","protected":false},"author":2,"featured_media":23329,"comment_status":"open","ping_status":"closed","sticky":false,"template":"","format":"standard","meta":[],"categories":[43,37],"tags":[1588,1024,63],"_links":{"self":[{"href":"https:\/\/www.elgrillitosuena.com\/inicio\/wp-json\/wp\/v2\/posts\/23328"}],"collection":[{"href":"https:\/\/www.elgrillitosuena.com\/inicio\/wp-json\/wp\/v2\/posts"}],"about":[{"href":"https:\/\/www.elgrillitosuena.com\/inicio\/wp-json\/wp\/v2\/types\/post"}],"author":[{"embeddable":true,"href":"https:\/\/www.elgrillitosuena.com\/inicio\/wp-json\/wp\/v2\/users\/2"}],"replies":[{"embeddable":true,"href":"https:\/\/www.elgrillitosuena.com\/inicio\/wp-json\/wp\/v2\/comments?post=23328"}],"version-history":[{"count":1,"href":"https:\/\/www.elgrillitosuena.com\/inicio\/wp-json\/wp\/v2\/posts\/23328\/revisions"}],"predecessor-version":[{"id":23330,"href":"https:\/\/www.elgrillitosuena.com\/inicio\/wp-json\/wp\/v2\/posts\/23328\/revisions\/23330"}],"wp:featuredmedia":[{"embeddable":true,"href":"https:\/\/www.elgrillitosuena.com\/inicio\/wp-json\/wp\/v2\/media\/23329"}],"wp:attachment":[{"href":"https:\/\/www.elgrillitosuena.com\/inicio\/wp-json\/wp\/v2\/media?parent=23328"}],"wp:term":[{"taxonomy":"category","embeddable":true,"href":"https:\/\/www.elgrillitosuena.com\/inicio\/wp-json\/wp\/v2\/categories?post=23328"},{"taxonomy":"post_tag","embeddable":true,"href":"https:\/\/www.elgrillitosuena.com\/inicio\/wp-json\/wp\/v2\/tags?post=23328"}],"curies":[{"name":"wp","href":"https:\/\/api.w.org\/{rel}","templated":true}]}}