{"id":2329,"date":"2020-11-08T20:01:55","date_gmt":"2020-11-08T20:01:55","guid":{"rendered":"https:\/\/www.elgrillitosuena.com\/inicio\/?p=2329"},"modified":"2020-11-08T20:01:55","modified_gmt":"2020-11-08T20:01:55","slug":"londres-la-reina-isabel-ii-se-pone-mascarilla-por-primera-vez-durante-una-ceremonia-publica","status":"publish","type":"post","link":"https:\/\/www.elgrillitosuena.com\/inicio\/noticias\/mundo\/londres-la-reina-isabel-ii-se-pone-mascarilla-por-primera-vez-durante-una-ceremonia-publica\/","title":{"rendered":"LONDRES | La reina Isabel II se pone mascarilla por primera vez durante una ceremonia p\u00fablica"},"content":{"rendered":"<p><a href=\"http:\/\/www.elgrillitosuena.com\"><img decoding=\"async\" loading=\"lazy\" class=\"aligncenter wp-image-2330 \" src=\"https:\/\/www.elgrillitosuena.com\/inicio\/wp-content\/uploads\/2020\/11\/A1Isabel.jpg\" alt=\"\" width=\"501\" height=\"332\" \/><\/a><\/p>\n<p>&nbsp;<\/p>\n<p>La reina Isabel II del Reino Unido se puso por primera vez, desde el inicio de la pandemia, una mascarilla en p\u00fablico durante una ceremonia conmemorativa, que tuvo lugar este mi\u00e9rcoles en Londres.<\/p>\n<blockquote class=\"twitter-tweet\" data-width=\"550\" data-dnt=\"true\">\n<p lang=\"en\" dir=\"ltr\">The Queen honours the Unknown Warrior &#8211; an unidentified British serviceman who died on the <a href=\"https:\/\/twitter.com\/hashtag\/WW1?src=hash&amp;ref_src=twsrc%5Etfw\">#WW1<\/a> battlefields, &amp; was buried <a href=\"https:\/\/twitter.com\/wabbey?ref_src=twsrc%5Etfw\">@wabbey<\/a> 100 years ago. <\/p>\n<p>The grave of the Unknown Warrior remains a solemn tribute to all service personnel who have lost their lives in combat <a href=\"https:\/\/twitter.com\/hashtag\/LestWeForget?src=hash&amp;ref_src=twsrc%5Etfw\">#LestWeForget<\/a> <a href=\"https:\/\/t.co\/JARWNPP4Ys\">pic.twitter.com\/JARWNPP4Ys<\/a><\/p>\n<p>&mdash; The Royal Family (@RoyalFamily) <a href=\"https:\/\/twitter.com\/RoyalFamily\/status\/1325196706741284868?ref_src=twsrc%5Etfw\">November 7, 2020<\/a><\/p><\/blockquote>\n<p><script async src=\"https:\/\/platform.twitter.com\/widgets.js\" charset=\"utf-8\"><\/script><\/p>\n<p>&nbsp;<\/p>\n<p>El evento se celebr\u00f3 antes del D\u00eda del Recuerdo, el 11 de noviembre, en el que el pa\u00eds rinde homenaje a los fallecidos en tiempos de guerra. &#8220;La reina honr\u00f3 al Guerrero Desconocido, un soldado brit\u00e1nico no identificado que muri\u00f3 en los campos de batalla de la Primera Guerra Mundial y fue enterrado hace 100 a\u00f1os en la abad\u00eda de Westminster&#8221;, comunic\u00f3 el Palacio de Buckingham en Twitter.<\/p>\n","protected":false},"excerpt":{"rendered":"<p>&nbsp; La reina Isabel II del Reino Unido se puso por primera vez, desde el inicio de la pandemia, una mascarilla en p\u00fablico durante una ceremonia conmemorativa, que tuvo lugar este mi\u00e9rcoles en Londres. The Queen honours the Unknown Warrior &#8211; an unidentified British serviceman who died on the #WW1 battlefields, &amp; was buried @wabbey &hellip;<\/p>\n","protected":false},"author":2,"featured_media":2330,"comment_status":"open","ping_status":"closed","sticky":false,"template":"","format":"standard","meta":[],"categories":[40,51],"tags":[528,527],"_links":{"self":[{"href":"https:\/\/www.elgrillitosuena.com\/inicio\/wp-json\/wp\/v2\/posts\/2329"}],"collection":[{"href":"https:\/\/www.elgrillitosuena.com\/inicio\/wp-json\/wp\/v2\/posts"}],"about":[{"href":"https:\/\/www.elgrillitosuena.com\/inicio\/wp-json\/wp\/v2\/types\/post"}],"author":[{"embeddable":true,"href":"https:\/\/www.elgrillitosuena.com\/inicio\/wp-json\/wp\/v2\/users\/2"}],"replies":[{"embeddable":true,"href":"https:\/\/www.elgrillitosuena.com\/inicio\/wp-json\/wp\/v2\/comments?post=2329"}],"version-history":[{"count":1,"href":"https:\/\/www.elgrillitosuena.com\/inicio\/wp-json\/wp\/v2\/posts\/2329\/revisions"}],"predecessor-version":[{"id":2331,"href":"https:\/\/www.elgrillitosuena.com\/inicio\/wp-json\/wp\/v2\/posts\/2329\/revisions\/2331"}],"wp:featuredmedia":[{"embeddable":true,"href":"https:\/\/www.elgrillitosuena.com\/inicio\/wp-json\/wp\/v2\/media\/2330"}],"wp:attachment":[{"href":"https:\/\/www.elgrillitosuena.com\/inicio\/wp-json\/wp\/v2\/media?parent=2329"}],"wp:term":[{"taxonomy":"category","embeddable":true,"href":"https:\/\/www.elgrillitosuena.com\/inicio\/wp-json\/wp\/v2\/categories?post=2329"},{"taxonomy":"post_tag","embeddable":true,"href":"https:\/\/www.elgrillitosuena.com\/inicio\/wp-json\/wp\/v2\/tags?post=2329"}],"curies":[{"name":"wp","href":"https:\/\/api.w.org\/{rel}","templated":true}]}}