{"id":23288,"date":"2023-03-23T19:22:42","date_gmt":"2023-03-23T19:22:42","guid":{"rendered":"https:\/\/www.elgrillitosuena.com\/inicio\/?p=23288"},"modified":"2023-03-23T19:22:42","modified_gmt":"2023-03-23T19:22:42","slug":"realiza-implan-foro-de-diagnostico-para-la-actualizacion-del-programa-de-desarrollo-urbano","status":"publish","type":"post","link":"https:\/\/www.elgrillitosuena.com\/inicio\/noticias\/uruapan\/realiza-implan-foro-de-diagnostico-para-la-actualizacion-del-programa-de-desarrollo-urbano\/","title":{"rendered":"Realiza Implan foro de diagn\u00f3stico para la actualizaci\u00f3n del Programa de Desarrollo Urbano"},"content":{"rendered":"<p><img decoding=\"async\" loading=\"lazy\" class=\"alignnone wp-image-23289 \" src=\"https:\/\/www.elgrillitosuena.com\/inicio\/wp-content\/uploads\/2023\/03\/6b414feb-b8e1-4ea3-9e9d-b48222196c0f-e1679599299464-300x166.jpg\" alt=\"\" width=\"723\" height=\"400\" srcset=\"https:\/\/www.elgrillitosuena.com\/inicio\/wp-content\/uploads\/2023\/03\/6b414feb-b8e1-4ea3-9e9d-b48222196c0f-e1679599299464-300x166.jpg 300w, https:\/\/www.elgrillitosuena.com\/inicio\/wp-content\/uploads\/2023\/03\/6b414feb-b8e1-4ea3-9e9d-b48222196c0f-e1679599299464-1024x566.jpg 1024w, https:\/\/www.elgrillitosuena.com\/inicio\/wp-content\/uploads\/2023\/03\/6b414feb-b8e1-4ea3-9e9d-b48222196c0f-e1679599299464-768x424.jpg 768w, https:\/\/www.elgrillitosuena.com\/inicio\/wp-content\/uploads\/2023\/03\/6b414feb-b8e1-4ea3-9e9d-b48222196c0f-e1679599299464.jpg 1280w\" sizes=\"(max-width: 723px) 100vw, 723px\" \/><\/p>\n<p>Con el prop\u00f3sito de que las necesidades de la ciudadan\u00eda se plasmen en la planificaci\u00f3n de la ciudad, se llev\u00f3 a cabo el primer foro de diagn\u00f3stico para la actualizaci\u00f3n del Programa de Desarrollo Urbano entre el Instituto Municipal de Planeaci\u00f3n, Infonavit y ONU H\u00e1bitat, al que acudieron funcionarios municipales e integrantes del Cabildo.<\/p>\n<p>Las actividades de este foro para actualizar el Programa de Desarrollo Urbano contin\u00faan con la participaci\u00f3n de grupos vulnerables, productores locales, c\u00e1maras empresariales y sociedad civil, as\u00ed como actividades en la Escuela Primaria Constituci\u00f3n de Apatzing\u00e1n y la Universidad Don Vasco, al respecto, Roberto Flores Ch\u00e1vez, director del Implan, explic\u00f3 que se trata de tener participaci\u00f3n y respaldo ciudadano.<\/p>\n<p>El director del Implan dio a conocer que Uruapan es uno de los nueve municipios beneficiados con el Programa ONU H\u00e1bitat e Infonavit para actualizar el Programa de Desarrollo Urbano, para lograr una zonificaci\u00f3n acorde a las necesidades del municipio.<\/p>\n","protected":false},"excerpt":{"rendered":"<p>Con el prop\u00f3sito de que las necesidades de la ciudadan\u00eda se plasmen en la planificaci\u00f3n de la ciudad, se llev\u00f3 a cabo el primer foro de diagn\u00f3stico para la actualizaci\u00f3n del Programa de Desarrollo Urbano entre el Instituto Municipal de Planeaci\u00f3n, Infonavit y ONU H\u00e1bitat, al que acudieron funcionarios municipales e integrantes del Cabildo. Las &hellip;<\/p>\n","protected":false},"author":2,"featured_media":23289,"comment_status":"open","ping_status":"closed","sticky":false,"template":"","format":"standard","meta":[],"categories":[37],"tags":[5748,1707,5545,63],"_links":{"self":[{"href":"https:\/\/www.elgrillitosuena.com\/inicio\/wp-json\/wp\/v2\/posts\/23288"}],"collection":[{"href":"https:\/\/www.elgrillitosuena.com\/inicio\/wp-json\/wp\/v2\/posts"}],"about":[{"href":"https:\/\/www.elgrillitosuena.com\/inicio\/wp-json\/wp\/v2\/types\/post"}],"author":[{"embeddable":true,"href":"https:\/\/www.elgrillitosuena.com\/inicio\/wp-json\/wp\/v2\/users\/2"}],"replies":[{"embeddable":true,"href":"https:\/\/www.elgrillitosuena.com\/inicio\/wp-json\/wp\/v2\/comments?post=23288"}],"version-history":[{"count":1,"href":"https:\/\/www.elgrillitosuena.com\/inicio\/wp-json\/wp\/v2\/posts\/23288\/revisions"}],"predecessor-version":[{"id":23290,"href":"https:\/\/www.elgrillitosuena.com\/inicio\/wp-json\/wp\/v2\/posts\/23288\/revisions\/23290"}],"wp:featuredmedia":[{"embeddable":true,"href":"https:\/\/www.elgrillitosuena.com\/inicio\/wp-json\/wp\/v2\/media\/23289"}],"wp:attachment":[{"href":"https:\/\/www.elgrillitosuena.com\/inicio\/wp-json\/wp\/v2\/media?parent=23288"}],"wp:term":[{"taxonomy":"category","embeddable":true,"href":"https:\/\/www.elgrillitosuena.com\/inicio\/wp-json\/wp\/v2\/categories?post=23288"},{"taxonomy":"post_tag","embeddable":true,"href":"https:\/\/www.elgrillitosuena.com\/inicio\/wp-json\/wp\/v2\/tags?post=23288"}],"curies":[{"name":"wp","href":"https:\/\/api.w.org\/{rel}","templated":true}]}}